{"id":15681,"date":"2018-02-15T09:04:46","date_gmt":"2018-02-15T08:04:46","guid":{"rendered":"http:\/\/www.messinaoggi.it\/website\/?p=15681"},"modified":"2018-02-15T09:04:46","modified_gmt":"2018-02-15T08:04:46","slug":"amam-riparata-la-condotta-sul-viale-regina-elena","status":"publish","type":"post","link":"https:\/\/www.messinaoggi.it\/website\/2018\/02\/15\/amam-riparata-la-condotta-sul-viale-regina-elena\/","title":{"rendered":"Amam: riparata la condotta sul viale Regina Elena"},"content":{"rendered":"<p>&#8220;La distribuzione idrica riprende con la regolare programmazione&#8221;: recita cos\u00ec il comunicato dell&#8217;Amam che mette fine ai disagi legati ad alcuni interventi.<br \/>\n\u00c8 stata quindi riparata la perdita riscontrata sulla condotta del viale Regina Elena. L&#8217;erogazione \u00e8 tornata regolare in tutta l&#8217;area servita dall&#8217;importante arteria della rete idrica che alimenta le zone abitate di\u00a0viale Principe Umberto, viale Regina Margherita, viale Regina Elena e parte di viale della Libert\u00e0 (tra il viale Annunziata e via Brasile).<div id=\"div-gpt-ad-Messinaoggi.it-DSK-300x250-corpoart\" style=\"text-align:center;margin:0 auto;\"><\/div><\/p>\n<div id=\"videoincontent\" style=\"clear:both\";><\/div>","protected":false},"excerpt":{"rendered":"<p>&#8220;La distribuzione idrica riprende con la regolare programmazione&#8221;: recita cos\u00ec il comunicato dell&#8217;Amam che mette fine ai disagi legati ad alcuni interventi. \u00c8 stata quindi riparata la perdita riscontrata sulla condotta del viale Regina Elena. L&#8217;erogazione \u00e8 tornata regolare in tutta l&#8217;area servita dall&#8217;importante arteria della rete idrica che alimenta le zone abitate di\u00a0viale Principe [&hellip;]<\/p>\n","protected":false},"author":2,"featured_media":1679,"comment_status":"closed","ping_status":"open","sticky":false,"template":"","format":"standard","meta":{"ub_ctt_via":"","_mi_skip_tracking":false},"categories":[5],"tags":[],"featured_image_src":"https:\/\/www.messinaoggi.it\/website\/wp-content\/uploads\/2017\/06\/Amam-sede-2.jpg","author_info":{"display_name":"Redazione","author_link":"https:\/\/www.messinaoggi.it\/website\/author\/redazione\/"},"digistream_id":0,"digistream":false,"_links":{"self":[{"href":"https:\/\/www.messinaoggi.it\/website\/wp-json\/wp\/v2\/posts\/15681"}],"collection":[{"href":"https:\/\/www.messinaoggi.it\/website\/wp-json\/wp\/v2\/posts"}],"about":[{"href":"https:\/\/www.messinaoggi.it\/website\/wp-json\/wp\/v2\/types\/post"}],"author":[{"embeddable":true,"href":"https:\/\/www.messinaoggi.it\/website\/wp-json\/wp\/v2\/users\/2"}],"replies":[{"embeddable":true,"href":"https:\/\/www.messinaoggi.it\/website\/wp-json\/wp\/v2\/comments?post=15681"}],"version-history":[{"count":0,"href":"https:\/\/www.messinaoggi.it\/website\/wp-json\/wp\/v2\/posts\/15681\/revisions"}],"wp:featuredmedia":[{"embeddable":true,"href":"https:\/\/www.messinaoggi.it\/website\/wp-json\/wp\/v2\/media\/1679"}],"wp:attachment":[{"href":"https:\/\/www.messinaoggi.it\/website\/wp-json\/wp\/v2\/media?parent=15681"}],"wp:term":[{"taxonomy":"category","embeddable":true,"href":"https:\/\/www.messinaoggi.it\/website\/wp-json\/wp\/v2\/categories?post=15681"},{"taxonomy":"post_tag","embeddable":true,"href":"https:\/\/www.messinaoggi.it\/website\/wp-json\/wp\/v2\/tags?post=15681"}],"curies":[{"name":"wp","href":"https:\/\/api.w.org\/{rel}","templated":true}]}}