{"id":156672,"date":"2023-05-25T11:02:53","date_gmt":"2023-05-25T09:02:53","guid":{"rendered":"https:\/\/www.messinaoggi.it\/website\/2023\/05\/25\/dieci-anni-fa-la-beatificazione-di-don-puglisi-vittima-della-mafia-e-martire\/"},"modified":"2023-05-25T11:02:53","modified_gmt":"2023-05-25T09:02:53","slug":"dieci-anni-fa-la-beatificazione-di-don-puglisi-vittima-della-mafia-e-martire","status":"publish","type":"post","link":"https:\/\/www.messinaoggi.it\/website\/2023\/05\/25\/dieci-anni-fa-la-beatificazione-di-don-puglisi-vittima-della-mafia-e-martire\/","title":{"rendered":"Dieci anni fa la Beatificazione di Don Puglisi, vittima della mafia e martire"},"content":{"rendered":"<div>\n<p>PALERMO (ITALPRESS) \u2013 Oggi ricorre il X anniversario della Beatificazione di don Pino Puglisi, il parroco di Brancaccio, a Palermo, ucciso dalla mafia il 15 settembre 1993, nel giorno del suo compleanno. \u201cIl riconoscimento del suo martirio \u00e8 dono per la Chiesa tutta e in particolare per quella di Palermo che lo ha avuto fratello nella rinascita battesimale e membro del suo presbiterio \u2013 sottolinea in un messaggio l\u2019arcivescovo di Palermo, monsignor Corrado Lorefice -. Ma il dono \u00e8 sempre foriero di \u2018co-rresponsabilit\u00e0\u2019. La sua \u00e8 una testimonianza di un Vangelo che si incarna nella concreta vicenda umana condivisa in un territorio ben preciso. Un Vangelo che intercetta la vita concreta. Tutta la vita. Che genera un senso comunitario della vita. Un Vangelo che partecipa del desiderio umano di riscatto dal male. Un Vangelo che assume la sofferenza e apre alla beatitudine. Un Vangelo che contribuisce a rendere autenticamente liberi da ogni forma di potere. Compreso il potere mafioso che attanaglia la nostra terra e riscuote ancora connivenze sull\u2019humus dell\u2019omert\u00e0 personale e strutturata. Il riconoscimento del martirio di don Puglisi sulla motivazione dell\u2019odium fidei dei mafiosi che ne hanno decretato la morte ha un\u2019ulteriore puntuale valenza che ci responsabilizza ulteriormente. La mafia \u00e8 una ricerca ostinata, invasiva e violenta di potere. Un potere che pu\u00f2 essere sconfitto solo con la \u201cdebolezza\u201d della coerenza indefettibile della vita sradicata dal virus dell\u2019individualismo\u201d. <br \/>\u201cA maggior ragione \u2013 aggiunge l\u2019Arcivescovo \u2013 quando la vita \u00e8 motivati da una \u2018fede-relazion\u00e8 con il Cristo che ha liberato con  l\u2019unica forza di un amore pi\u00f9 grande, con la debolezza della croce. E in questo il Vangelo vissuto alla maniera di Pino Puglisi e delle comunit\u00e0 e dei giovani da lui \u2018animat\u00ec pu\u00f2 essere ancora significativo nella costruzione della citt\u00e0 umana riscattata dal male, dell\u2019ingiustizia, dalla violenza, dagli idolatri del potere, dalla mafia. A maggior ragione se la Chiesa segue il suo Signore nell\u2019umilt\u00e0, nella povert\u00e0 e nella persecuzione\u201d. \u201cIl martirio di Pino Puglisi \u2013 prosegue \u2013 \u00e8 dunque un dono e una responsabilit\u00e0 fatti non solo alla Chiesa ma anche a quanti e quante abitiamo la casa comune che sono le nostre citt\u00e0. E in particolare alle citt\u00e0 che lo hanno visto impegnato come umile ed audace servitore della Bella Notizia, dell\u2019Evangelo di Cristo, il Verbo di Dio amico degli uomini e delle donne chiamati a partecipare della libert\u00e0 filiale. Viviamo l\u2019anniversario del riconoscimento del martirio del Beato Giuseppe Puglisi con spirito di fiduciosa corresponsabilit\u00e0 perch\u00e8 possiamo proseguire con creativa audacia il suo tracciato\u201d.<br \/>Il 25 maggio del 2013 don Pino Puglisi veniva proclamato Beato. Il 28 giugno del 2012 papa Benedetto XVI aveva promulgato il Decreto riguardante il martirio del sacerdote, ucciso \u201cin odio alla fede\u201d il 15 settembre 1993 (giorno del suo 56esimo compleanno) davanti alla sua abitazione, poco distante dalla sua parrocchia di San Gaetano, nel quartiere Brancaccio, a Palermo.<br \/>credit photo agenziafotogramma.it<br \/>(ITALPRESS).<div id=\"div-gpt-ad-Messinaoggi.it-DSK-300x250-corpoart\" style=\"text-align:center;margin:0 auto;\"><\/div><\/p>\n<\/div>\n<div id=\"videoincontent\" style=\"clear:both\";><\/div>","protected":false},"excerpt":{"rendered":"<p>PALERMO (ITALPRESS) \u2013 Oggi ricorre il X anniversario della Beatificazione di don Pino Puglisi, il parroco di Brancaccio, a Palermo, ucciso dalla mafia il 15 settembre 1993, nel giorno del suo compleanno. \u201cIl riconoscimento del suo martirio \u00e8 dono per la Chiesa tutta e in particolare per quella di Palermo che lo ha avuto fratello [&hellip;]<\/p>\n","protected":false},"author":18,"featured_media":156673,"comment_status":"closed","ping_status":"closed","sticky":false,"template":"","format":"standard","meta":{"ub_ctt_via":"","_mi_skip_tracking":false},"categories":[2449],"tags":[783],"featured_image_src":"https:\/\/www.messinaoggi.it\/website\/wp-content\/uploads\/2023\/05\/20230525_0292.jpg","author_info":{"display_name":"Admin","author_link":"https:\/\/www.messinaoggi.it\/website\/author\/admin\/"},"digistream_id":0,"digistream":false,"_links":{"self":[{"href":"https:\/\/www.messinaoggi.it\/website\/wp-json\/wp\/v2\/posts\/156672"}],"collection":[{"href":"https:\/\/www.messinaoggi.it\/website\/wp-json\/wp\/v2\/posts"}],"about":[{"href":"https:\/\/www.messinaoggi.it\/website\/wp-json\/wp\/v2\/types\/post"}],"author":[{"embeddable":true,"href":"https:\/\/www.messinaoggi.it\/website\/wp-json\/wp\/v2\/users\/18"}],"replies":[{"embeddable":true,"href":"https:\/\/www.messinaoggi.it\/website\/wp-json\/wp\/v2\/comments?post=156672"}],"version-history":[{"count":0,"href":"https:\/\/www.messinaoggi.it\/website\/wp-json\/wp\/v2\/posts\/156672\/revisions"}],"wp:featuredmedia":[{"embeddable":true,"href":"https:\/\/www.messinaoggi.it\/website\/wp-json\/wp\/v2\/media\/156673"}],"wp:attachment":[{"href":"https:\/\/www.messinaoggi.it\/website\/wp-json\/wp\/v2\/media?parent=156672"}],"wp:term":[{"taxonomy":"category","embeddable":true,"href":"https:\/\/www.messinaoggi.it\/website\/wp-json\/wp\/v2\/categories?post=156672"},{"taxonomy":"post_tag","embeddable":true,"href":"https:\/\/www.messinaoggi.it\/website\/wp-json\/wp\/v2\/tags?post=156672"}],"curies":[{"name":"wp","href":"https:\/\/api.w.org\/{rel}","templated":true}]}}