{"id":156662,"date":"2023-05-25T10:12:55","date_gmt":"2023-05-25T08:12:55","guid":{"rendered":"http:\/\/www.messinaoggi.it\/website\/?p=156662"},"modified":"2023-05-25T10:13:28","modified_gmt":"2023-05-25T08:13:28","slug":"ponte-litalia-finalmente-se-desta","status":"publish","type":"post","link":"https:\/\/www.messinaoggi.it\/website\/2023\/05\/25\/ponte-litalia-finalmente-se-desta\/","title":{"rendered":"Ponte, l&#8217;Italia (finalmente) s&#8217;\u00e8 desta"},"content":{"rendered":"\n<p>Dopo decenni di chiacchiere e qualche passo in avanti rispetto all&#8217;idea, adesso lo Stato italiano ha una legge sul &#8220;Ponte di Messina&#8221;. Ieri <strong>s&#8217;\u00e8 scritta una pagina di stori<\/strong>a, i cui restanti capitoli sono da scrivere nei prossimi anni, fino a quando il Ponte non unir\u00e0 la Sicilia e la Calabria.<div id=\"div-gpt-ad-Messinaoggi.it-DSK-300x250-corpoart\" style=\"text-align:center;margin:0 auto;\"><\/div><\/p>\n\n\n\n<p>Hanno ragione <strong>Matteo Salvini <\/strong>e <strong>Nino German\u00e0 <\/strong>quando affermano che il 24 maggio \u00e8 un giorno storico. L&#8217;Italia s&#8217;\u00e8 desta. Non \u00e8 pi\u00f9 il Ponte di Messina, ma degli italiani e se vogliamo dell&#8217;Europa. <div id=\"videoincontent\" style=\"clear:both\";><\/div><\/p>\n\n\n\n<figure class=\"wp-block-image size-large\"><img loading=\"lazy\" width=\"1024\" height=\"780\" src=\"https:\/\/www.messinaoggi.it\/website\/wp-content\/uploads\/2023\/05\/unnamed-1-2-1024x780.jpg\" alt=\"\" class=\"wp-image-156665\" srcset=\"https:\/\/www.messinaoggi.it\/website\/wp-content\/uploads\/2023\/05\/unnamed-1-2-1024x780.jpg 1024w, https:\/\/www.messinaoggi.it\/website\/wp-content\/uploads\/2023\/05\/unnamed-1-2-300x228.jpg 300w, https:\/\/www.messinaoggi.it\/website\/wp-content\/uploads\/2023\/05\/unnamed-1-2-768x585.jpg 768w, https:\/\/www.messinaoggi.it\/website\/wp-content\/uploads\/2023\/05\/unnamed-1-2.jpg 1413w\" sizes=\"(max-width: 1024px) 100vw, 1024px\" \/><figcaption><strong><em>Il ministro Salvini con il senatore German\u00e0<\/em><\/strong><\/figcaption><\/figure>\n\n\n\n<p>Non c&#8217;\u00e8 pi\u00f9 da essere favorevoli o contrari, il Ponte si fa. Punto. E il punto della nuova ripartenza \u00e8 rappresentato da una legge dello Stato che ieri ha avuto l&#8217;okay da una schiacciante maggioranza in Senato. Non c&#8217;era alcun dubbio sull&#8217;approvazione, ma il cambio di rotta di alcuni senatori \u00e8 stato un segnale importante.<\/p>\n\n\n\n<p>I lamenti di qualche parlamentare fanno parte del gioco, ma a questo punto \u00e8 improbabile che l&#8217;idea del Ponte non possa tradursi in qualcosa di concreto. <\/p>\n\n\n\n<p>L&#8217;iter riprende da un punto in cui non era mai arrivato, dall&#8217;approvazione di una legge dello Stato che significa in parole povere &#8220;realizzazione della mega infrastruttura&#8221;. <\/p>\n\n\n\n<p>Tornando alla Storia, possiamo dire che il 24 maggio 2024 segna la data d&#8217;inizio del <strong>nuovo Risorgimento italiano<\/strong>. Il Ponte unisce fisicamente la Sicilia all&#8217;Italia e rappresenta un&#8217;opera strategica per l&#8217;intera Europa. L&#8217;occasione del riscatto del Sud \u00e8 rappresentata da un&#8217;infrastruttura che non ha eguali al mondo.<\/p>\n\n\n\n<p>Il progetto esecutivo sar\u00e0 pronto entro la fine dell&#8217;anno, entro l&#8217;inizio della prossima estate partiranno i lavori. <\/p>\n\n\n\n<p class=\"has-text-align-right\"><strong>Davide Gambale<\/strong><\/p>\n","protected":false},"excerpt":{"rendered":"<p>Dopo decenni di chiacchiere e qualche passo in avanti rispetto all&#8217;idea, adesso lo Stato italiano ha una legge sul &#8220;Ponte di Messina&#8221;. Ieri s&#8217;\u00e8 scritta una pagina di storia, i cui restanti capitoli sono da scrivere nei prossimi anni, fino a quando il Ponte non unir\u00e0 la Sicilia e la Calabria. Hanno ragione Matteo Salvini [&hellip;]<\/p>\n","protected":false},"author":2,"featured_media":149581,"comment_status":"open","ping_status":"open","sticky":false,"template":"","format":"standard","meta":{"ub_ctt_via":"","_mi_skip_tracking":false},"categories":[19],"tags":[7933,1035,1082,630,3298],"featured_image_src":"https:\/\/www.messinaoggi.it\/website\/wp-content\/uploads\/2023\/04\/339744013_216748927610897_375527721463330206_n-e1680596389456.jpg","author_info":{"display_name":"Redazione","author_link":"https:\/\/www.messinaoggi.it\/website\/author\/redazione\/"},"digistream_id":0,"digistream":false,"_links":{"self":[{"href":"https:\/\/www.messinaoggi.it\/website\/wp-json\/wp\/v2\/posts\/156662"}],"collection":[{"href":"https:\/\/www.messinaoggi.it\/website\/wp-json\/wp\/v2\/posts"}],"about":[{"href":"https:\/\/www.messinaoggi.it\/website\/wp-json\/wp\/v2\/types\/post"}],"author":[{"embeddable":true,"href":"https:\/\/www.messinaoggi.it\/website\/wp-json\/wp\/v2\/users\/2"}],"replies":[{"embeddable":true,"href":"https:\/\/www.messinaoggi.it\/website\/wp-json\/wp\/v2\/comments?post=156662"}],"version-history":[{"count":2,"href":"https:\/\/www.messinaoggi.it\/website\/wp-json\/wp\/v2\/posts\/156662\/revisions"}],"predecessor-version":[{"id":156667,"href":"https:\/\/www.messinaoggi.it\/website\/wp-json\/wp\/v2\/posts\/156662\/revisions\/156667"}],"wp:featuredmedia":[{"embeddable":true,"href":"https:\/\/www.messinaoggi.it\/website\/wp-json\/wp\/v2\/media\/149581"}],"wp:attachment":[{"href":"https:\/\/www.messinaoggi.it\/website\/wp-json\/wp\/v2\/media?parent=156662"}],"wp:term":[{"taxonomy":"category","embeddable":true,"href":"https:\/\/www.messinaoggi.it\/website\/wp-json\/wp\/v2\/categories?post=156662"},{"taxonomy":"post_tag","embeddable":true,"href":"https:\/\/www.messinaoggi.it\/website\/wp-json\/wp\/v2\/tags?post=156662"}],"curies":[{"name":"wp","href":"https:\/\/api.w.org\/{rel}","templated":true}]}}