{"id":15653,"date":"2018-02-14T15:41:14","date_gmt":"2018-02-14T14:41:14","guid":{"rendered":"http:\/\/www.messinaoggi.it\/website\/?p=15653"},"modified":"2018-02-14T15:41:14","modified_gmt":"2018-02-14T14:41:14","slug":"navarra-picciolo-e-damore-al-fianco-degli-avvocati","status":"publish","type":"post","link":"https:\/\/www.messinaoggi.it\/website\/2018\/02\/14\/navarra-picciolo-e-damore-al-fianco-degli-avvocati\/","title":{"rendered":"Navarra, Picciolo e D&#039;Amore al fianco degli avvocati"},"content":{"rendered":"<p>I candidati del Pd al fianco degli avvocati messinesi.\u00a0<span class=\"s1\">\u201c<em>Ho condiviso le preoccupazioni sul presente ed il futuro della professione forense che un gruppo di avvocati, attraverso il documento di nove componenti del Consiglio dell\u2019Ordine, ha evidenziato non partecipando alla cerimonia inaugurale dell\u2019Anno Giudiziario<\/em>\u201d. Lo ha detto <strong>Pietro Navarra<\/strong>, candidato alla Camera dei Deputati per il Partito Democratico nel Collegio Messina 2.<\/span><div id=\"div-gpt-ad-Messinaoggi.it-DSK-300x250-corpoart\" style=\"text-align:center;margin:0 auto;\"><\/div><\/p>\n<p class=\"p1\"><span class=\"s1\">\u201cI<em>nsieme a Beppe Picciolo e a Fabio D\u2019Amore \u2013 ha spiegato Navarra \u2013 ho avuto modo di ascoltare, nel corso di un partecipato incontro al quale hanno preso parte centocinquanta avvocati, le istanze di quanti avvertono il disagio di un\u2019Avvocatura che, pur costituzionalmente chiamata a concorrere con pari dignit\u00e0 all&#8217;amministrazione della Giustizia, non \u00e8 coinvolta nelle pi\u00f9 rilevanti scelte di politica giudiziaria e vede svilito il suo ruolo a quello di mero intermediario tra gli uffici giudiziari ed i cittadini. Nei mesi scorsi, da Rettore dell\u2019Ateneo, ho anche appoggiato con convinzione le battaglie della categoria per il mantenimento della Corte d\u2019Appello a Messina\u201d<\/em>.<\/span><div id=\"videoincontent\" style=\"clear:both\";><\/div><\/p>\n<p class=\"p1\"><span class=\"s1\">\u201c<em>Nell\u2019accogliere l\u2019appello degli avvocati che hanno preso parte all\u2019incontro, ho condiviso insieme a Beppe Picciolo e Fabio D\u2019Amore un documento che recepisce le istanze della professione forense e che ci auguriamo di poter portare all\u2019attenzione del Parlamento per poter concretamente intervenire e porre fine \u2013 ha concluso \u2013 \u00a0ad una serie di distorsioni del sistema e di disagi che rendono sempre pi\u00f9 problematico lo svolgimento dell\u2019importante ruolo dei difensori<\/em>\u201d.<\/span><\/p>\n","protected":false},"excerpt":{"rendered":"<p>I candidati del Pd al fianco degli avvocati messinesi.\u00a0\u201cHo condiviso le preoccupazioni sul presente ed il futuro della professione forense che un gruppo di avvocati, attraverso il documento di nove componenti del Consiglio dell\u2019Ordine, ha evidenziato non partecipando alla cerimonia inaugurale dell\u2019Anno Giudiziario\u201d. Lo ha detto Pietro Navarra, candidato alla Camera dei Deputati per il [&hellip;]<\/p>\n","protected":false},"author":2,"featured_media":15290,"comment_status":"closed","ping_status":"open","sticky":false,"template":"","format":"standard","meta":{"ub_ctt_via":"","_mi_skip_tracking":false},"categories":[4],"tags":[],"featured_image_src":"https:\/\/www.messinaoggi.it\/website\/wp-content\/uploads\/2018\/02\/navarra-N82A8454-1.jpg","author_info":{"display_name":"Redazione","author_link":"https:\/\/www.messinaoggi.it\/website\/author\/redazione\/"},"digistream_id":0,"digistream":false,"_links":{"self":[{"href":"https:\/\/www.messinaoggi.it\/website\/wp-json\/wp\/v2\/posts\/15653"}],"collection":[{"href":"https:\/\/www.messinaoggi.it\/website\/wp-json\/wp\/v2\/posts"}],"about":[{"href":"https:\/\/www.messinaoggi.it\/website\/wp-json\/wp\/v2\/types\/post"}],"author":[{"embeddable":true,"href":"https:\/\/www.messinaoggi.it\/website\/wp-json\/wp\/v2\/users\/2"}],"replies":[{"embeddable":true,"href":"https:\/\/www.messinaoggi.it\/website\/wp-json\/wp\/v2\/comments?post=15653"}],"version-history":[{"count":0,"href":"https:\/\/www.messinaoggi.it\/website\/wp-json\/wp\/v2\/posts\/15653\/revisions"}],"wp:featuredmedia":[{"embeddable":true,"href":"https:\/\/www.messinaoggi.it\/website\/wp-json\/wp\/v2\/media\/15290"}],"wp:attachment":[{"href":"https:\/\/www.messinaoggi.it\/website\/wp-json\/wp\/v2\/media?parent=15653"}],"wp:term":[{"taxonomy":"category","embeddable":true,"href":"https:\/\/www.messinaoggi.it\/website\/wp-json\/wp\/v2\/categories?post=15653"},{"taxonomy":"post_tag","embeddable":true,"href":"https:\/\/www.messinaoggi.it\/website\/wp-json\/wp\/v2\/tags?post=15653"}],"curies":[{"name":"wp","href":"https:\/\/api.w.org\/{rel}","templated":true}]}}