{"id":156514,"date":"2023-05-24T11:28:40","date_gmt":"2023-05-24T09:28:40","guid":{"rendered":"http:\/\/www.messinaoggi.it\/website\/?p=156514"},"modified":"2023-05-24T11:28:41","modified_gmt":"2023-05-24T09:28:41","slug":"pergolizzi-pone-dubbi-su-incompatibilita-consigliere-croce","status":"publish","type":"post","link":"https:\/\/www.messinaoggi.it\/website\/2023\/05\/24\/pergolizzi-pone-dubbi-su-incompatibilita-consigliere-croce\/","title":{"rendered":"Pergolizzi pone dubbi su incompatibilit\u00e0 consigliere Croce"},"content":{"rendered":"\n<p>&#8220;Al fine di fornire una corretta informazione alla cittadinanza, comunico che in data 23 maggio c.a. ho ricevuto il parere richiesto al Segretario Generale in merito alla presunta posizione di incompatibilit\u00e0 del consigliere comunale Maurizio Croce con l\u2019incarico dallo stesso ricoperto presso la struttura commissariale istituita dal Commissario Straordinario del Governo contro il dissesto idrogeologico nella Regione Siciliana, a norma degli articoli 11 e 12 del D. Lgs. 39\/2013.<div id=\"div-gpt-ad-Messinaoggi.it-DSK-300x250-corpoart\" style=\"text-align:center;margin:0 auto;\"><\/div><\/p>\n\n\n\n<p>Emerge dal parere reso dal Segretario Generale che: &#8216;L\u2019incarico di soggetto attuatore delegato del Presidente della Regione nella qualit\u00e0 di Commissario del Governo ex art. 10, comma 2 ter della L. 116\/2014, stante le funzioni concretamente svolte, si pu\u00f2 configurare quale incarico apicale rientrante nella definizione di \u2018incarico amministrativo di vertice\u2019 come tra l\u2019altro definito nella sezione \u201cAmministrazione Trasparente\u201d del sito istituzionale della struttura del Commissario del Governo per il dissesto idrogeologico o, comunque, come incarico dirigenziale conferito a soggetto esterno alla pubblica amministrazione.&#8217;<div id=\"videoincontent\" style=\"clear:both\";><\/div><\/p>\n\n\n\n<p>Dallo stesso parere si apprende inoltre che potrebbero sussistere dubbi sulla natura della struttura commissariale, in particolare, se la stessa si possa configurare una pubblica amministrazione regionale o statale, perch\u00e9 solo nel caso in cui essa venga considerata regionale si configura l\u2019incompatibilit\u00e0 del consigliere.<\/p>\n\n\n\n<figure class=\"wp-block-image size-large\"><img loading=\"lazy\" width=\"1024\" height=\"682\" src=\"http:\/\/www.messinaoggi.it\/website\/wp-content\/uploads\/2023\/02\/Foto-Consigliere-Pergolizzi-1024x682.jpg\" alt=\"\" class=\"wp-image-140972\" srcset=\"https:\/\/www.messinaoggi.it\/website\/wp-content\/uploads\/2023\/02\/Foto-Consigliere-Pergolizzi-1024x682.jpg 1024w, https:\/\/www.messinaoggi.it\/website\/wp-content\/uploads\/2023\/02\/Foto-Consigliere-Pergolizzi-300x200.jpg 300w, https:\/\/www.messinaoggi.it\/website\/wp-content\/uploads\/2023\/02\/Foto-Consigliere-Pergolizzi-768x512.jpg 768w, https:\/\/www.messinaoggi.it\/website\/wp-content\/uploads\/2023\/02\/Foto-Consigliere-Pergolizzi-1536x1023.jpg 1536w, https:\/\/www.messinaoggi.it\/website\/wp-content\/uploads\/2023\/02\/Foto-Consigliere-Pergolizzi.jpg 1600w\" sizes=\"(max-width: 1024px) 100vw, 1024px\" \/><figcaption>Nello Pergolizzi, autore della richiesta<\/figcaption><\/figure>\n\n\n\n<p>Premesso questo, rileva constatare come la legge 116\/2014, all\u2019art. 10, ha individuato i Presidenti delle Regioni quali Commissari di Governo per il contrasto del dissesto idrogeologico relativamente al territorio di competenza, con il compito del sollecito espletamento delle procedure relative alla realizzazione degli interventi di mitigazione e rischio idrogeologico e con la titolarit\u00e0 delle relative contabilit\u00e0 speciali.<\/p>\n\n\n\n<p>In questo quadro, il Presidente della Regione per l\u2019attuazione degli interventi di prevenzione e mitigazione del rischio idrogeologico sul territorio regionale si avvale della struttura organizzativa regionale, che certamente si qualifica come pubblica amministrazione al cui vertice \u00e8 posto il soggetto attuatore. Tale struttura, infatti, \u00e8 costituita presso la Regione e pertanto, pur facendo riferimento ad un commissario di Governo, risulta pacifico che la stessa possa ritenersi amministrazione regionale, essendo costituita a questo livello ed operando in tale settore una regionalizzazione delle competenze su base di legge e non di delega del Governo.<\/p>\n\n\n\n<p>Del resto, per l\u2019espletamento delle attivit\u00e0 predette il Presidente della Regione nella qualit\u00e0 di Commissario Straordinario del Governo pu\u00f2 delegare apposito soggetto attuatore, il quale opera sulla base di specifiche indicazioni ricevute dallo stesso Presidente della Regione. Emerge quindi come il potere di direzione del soggetto attuatore sia esclusivamente del capo dell\u2019amministrazione regionale.<\/p>\n\n\n\n<p>A questo punto, al fine di garantire la vigilanza sull\u2019osservanza delle norme in materia di incompatibilit\u00e0 e inconferibilit\u00e0 di cui al D. Lgs. 39\/2013, provveder\u00f2 nei prossimi giorni a investire della problematica emersa il responsabile della prevenzione della corruzione e della trasparenza dell\u2019amministrazione che ha conferito l\u2019incarico, che nella fattispecie \u00e8 il presidente della Regione Siciliana, cui compete eventualmente l\u2019avvio di un procedimento di accertamento e di verifica della sussistenza della situazione di inconferibilit\u00e0 o incompatibilit\u00e0, di dichiarazione di nullit\u00e0 dell\u2019incarico, nonch\u00e9 il successivo potere sanzionatorio nei confronti degli autori della nomina e anche l\u2019Autorit\u00e0 Nazionale Anticorruzione che ha uno specifico potere di controllo e di accertamento sulle ipotesi di inconferibilit\u00e0 e incompatibilit\u00e0 disciplinate dal D. Lgs. 39\/2013 e, in generale, sulla corretta applicazione della suddetta normativa, anche con l\u2019esercizio di poteri ispettivi e di accertamento di singole fattispecie di conferimento degli incarichi&#8221;.<\/p>\n\n\n\n<p>Cos\u00ec scrive in una nota il consigliere comunale <strong>Nello Pergolizzi. <\/strong><\/p>\n","protected":false},"excerpt":{"rendered":"<p>&#8220;Al fine di fornire una corretta informazione alla cittadinanza, comunico che in data 23 maggio c.a. ho ricevuto il parere richiesto al Segretario Generale in merito alla presunta posizione di incompatibilit\u00e0 del consigliere comunale Maurizio Croce con l\u2019incarico dallo stesso ricoperto presso la struttura commissariale istituita dal Commissario Straordinario del Governo contro il dissesto idrogeologico [&hellip;]<\/p>\n","protected":false},"author":15,"featured_media":108788,"comment_status":"open","ping_status":"open","sticky":false,"template":"","format":"standard","meta":{"ub_ctt_via":"","_mi_skip_tracking":false},"categories":[6],"tags":[7697,7919,3617,2239,4798],"featured_image_src":"https:\/\/www.messinaoggi.it\/website\/wp-content\/uploads\/2022\/05\/maurizio-croce-3.jpg","author_info":{"display_name":"red.me","author_link":"https:\/\/www.messinaoggi.it\/website\/author\/red-me\/"},"digistream_id":0,"digistream":false,"_links":{"self":[{"href":"https:\/\/www.messinaoggi.it\/website\/wp-json\/wp\/v2\/posts\/156514"}],"collection":[{"href":"https:\/\/www.messinaoggi.it\/website\/wp-json\/wp\/v2\/posts"}],"about":[{"href":"https:\/\/www.messinaoggi.it\/website\/wp-json\/wp\/v2\/types\/post"}],"author":[{"embeddable":true,"href":"https:\/\/www.messinaoggi.it\/website\/wp-json\/wp\/v2\/users\/15"}],"replies":[{"embeddable":true,"href":"https:\/\/www.messinaoggi.it\/website\/wp-json\/wp\/v2\/comments?post=156514"}],"version-history":[{"count":1,"href":"https:\/\/www.messinaoggi.it\/website\/wp-json\/wp\/v2\/posts\/156514\/revisions"}],"predecessor-version":[{"id":156515,"href":"https:\/\/www.messinaoggi.it\/website\/wp-json\/wp\/v2\/posts\/156514\/revisions\/156515"}],"wp:featuredmedia":[{"embeddable":true,"href":"https:\/\/www.messinaoggi.it\/website\/wp-json\/wp\/v2\/media\/108788"}],"wp:attachment":[{"href":"https:\/\/www.messinaoggi.it\/website\/wp-json\/wp\/v2\/media?parent=156514"}],"wp:term":[{"taxonomy":"category","embeddable":true,"href":"https:\/\/www.messinaoggi.it\/website\/wp-json\/wp\/v2\/categories?post=156514"},{"taxonomy":"post_tag","embeddable":true,"href":"https:\/\/www.messinaoggi.it\/website\/wp-json\/wp\/v2\/tags?post=156514"}],"curies":[{"name":"wp","href":"https:\/\/api.w.org\/{rel}","templated":true}]}}