{"id":156512,"date":"2023-05-24T11:20:07","date_gmt":"2023-05-24T09:20:07","guid":{"rendered":"http:\/\/www.messinaoggi.it\/website\/?p=156512"},"modified":"2023-05-24T13:26:45","modified_gmt":"2023-05-24T11:26:45","slug":"presidente-consiglio-fdi-responsabilita-di-de-luca","status":"publish","type":"post","link":"https:\/\/www.messinaoggi.it\/website\/2023\/05\/24\/presidente-consiglio-fdi-responsabilita-di-de-luca\/","title":{"rendered":"Presidente Consiglio, Fdi: &#8220;responsabilit\u00e0 di De Luca&#8221;"},"content":{"rendered":"\n<p>&#8220;Non riusciamo a comprendere il perch\u00e9 il leader di Sud chiama Nord sistematicamente si arrampica sugli specchi attaccando tutto l&#8217;arco costituzionale (come ama chiamarlo lui) per giustificare i motivi della mancata (al momento) elezione alla presidenza del Consiglio Comunale del suo candidato!&#8221;<div id=\"div-gpt-ad-Messinaoggi.it-DSK-300x250-corpoart\" style=\"text-align:center;margin:0 auto;\"><\/div><\/p>\n\n\n\n<p>A parlare in questi termini sono i consiglieri comunali di Fratelli d&#8217;Italia <strong>Libero Gioveni, Dario Carbone e Pasquale Curr\u00f2,<\/strong> che ritengono invece che il fatto che il non raggiungimento dell&#8217;obiettivo a distanza di 10 mesi dall&#8217;inizio del mandato sia di sua esclusiva responsabilit\u00e0.<div id=\"videoincontent\" style=\"clear:both\";><\/div><\/p>\n\n\n\n<p>&#8220;L&#8217;on. De Luca &#8211; affermano Gioveni, Curr\u00f2 e Carbone &#8211; un giorno si sveglia dando degli &#8220;idioti&#8221; a due colleghi invitandoli per\u00f2 a fare con lui un accordo politico senza provare vergogna, e un altro si sveglia attribuendo un aggettivo di&#8230;&#8221;colore marrone&#8221; a tutti i 15 consiglieri dei gruppi del centrodestra e del gruppo misto che giorno dopo giorno lo invitano ad essere pi\u00f9 responsabile nei confronti della citt\u00e0 evitando di lasciarla in ostaggio solo per i suoi interessi elettorali taorminesi. Anzich\u00e9 dare la colpa a destra e a manca &#8211; proseguono gli esponenti di Fratelli d&#8217;Italia &#8211; l&#8217;eterno ed ovunque candidato De Luca dovrebbe fare un mea culpa e chiedere scusa al collega Pergolizzi, messo alla berlina dall&#8217;inizio del mandato affidandogli il compito di governare l&#8217;Aula in sua sostituzione, garantendogli la presidenza con la forza dei numeri che adesso (o al momento) non ha pi\u00f9! E di chi sarebbe la colpa? La nostra???&#8221;<\/p>\n\n\n\n<p>&#8220;Ma ci faccia il piacere, diceva il grande Tot\u00f2!<br>La responsabilit\u00e0 \u00e8 solo ed esclusivamente sua e lo stesso Pergolizzi lo sa, anche se non lo ammetter\u00e0 mai!Il delirio di onnipotenza politica di Luca &#8211; insistono i tre consiglieri &#8211; ha tradito sia Pergolizzi che se stesso, facendogli fare uno scivolone che ha determinato una emorragia nella sua compagine consiliare, con la conseguenza che, oltre ad aver scombinato i piani per ottenere la poltrona pi\u00f9 importante del Civico Consesso, sta tuttora paralizzando l&#8217;attivit\u00e0 politico-amministrativa di una citt\u00e0 che non merita di ricevere questo trattamento!Ci auguriamo quindi &#8211; concludono Gioveni, Carbone e Curr\u00f2 &#8211; che il leader di Sud chiama Nord abbassi i toni nei confronti dei suoi antagonisti politici, la smetta con gli insulti e ammetta, almeno una volta nella vita, che quando in politica non si raggiungono determinati obiettivi non \u00e8 sempre colpa degli altri&#8221;.<\/p>\n","protected":false},"excerpt":{"rendered":"<p>&#8220;Non riusciamo a comprendere il perch\u00e9 il leader di Sud chiama Nord sistematicamente si arrampica sugli specchi attaccando tutto l&#8217;arco costituzionale (come ama chiamarlo lui) per giustificare i motivi della mancata (al momento) elezione alla presidenza del Consiglio Comunale del suo candidato!&#8221; A parlare in questi termini sono i consiglieri comunali di Fratelli d&#8217;Italia Libero [&hellip;]<\/p>\n","protected":false},"author":15,"featured_media":153640,"comment_status":"open","ping_status":"open","sticky":false,"template":"","format":"standard","meta":{"ub_ctt_via":"","_mi_skip_tracking":false},"categories":[4],"tags":[126,3756,7697,1526,740,5582,4798],"featured_image_src":"https:\/\/www.messinaoggi.it\/website\/wp-content\/uploads\/2023\/05\/foto-gruppo-FdI.jpg","author_info":{"display_name":"red.me","author_link":"https:\/\/www.messinaoggi.it\/website\/author\/red-me\/"},"digistream_id":0,"digistream":false,"_links":{"self":[{"href":"https:\/\/www.messinaoggi.it\/website\/wp-json\/wp\/v2\/posts\/156512"}],"collection":[{"href":"https:\/\/www.messinaoggi.it\/website\/wp-json\/wp\/v2\/posts"}],"about":[{"href":"https:\/\/www.messinaoggi.it\/website\/wp-json\/wp\/v2\/types\/post"}],"author":[{"embeddable":true,"href":"https:\/\/www.messinaoggi.it\/website\/wp-json\/wp\/v2\/users\/15"}],"replies":[{"embeddable":true,"href":"https:\/\/www.messinaoggi.it\/website\/wp-json\/wp\/v2\/comments?post=156512"}],"version-history":[{"count":1,"href":"https:\/\/www.messinaoggi.it\/website\/wp-json\/wp\/v2\/posts\/156512\/revisions"}],"predecessor-version":[{"id":156513,"href":"https:\/\/www.messinaoggi.it\/website\/wp-json\/wp\/v2\/posts\/156512\/revisions\/156513"}],"wp:featuredmedia":[{"embeddable":true,"href":"https:\/\/www.messinaoggi.it\/website\/wp-json\/wp\/v2\/media\/153640"}],"wp:attachment":[{"href":"https:\/\/www.messinaoggi.it\/website\/wp-json\/wp\/v2\/media?parent=156512"}],"wp:term":[{"taxonomy":"category","embeddable":true,"href":"https:\/\/www.messinaoggi.it\/website\/wp-json\/wp\/v2\/categories?post=156512"},{"taxonomy":"post_tag","embeddable":true,"href":"https:\/\/www.messinaoggi.it\/website\/wp-json\/wp\/v2\/tags?post=156512"}],"curies":[{"name":"wp","href":"https:\/\/api.w.org\/{rel}","templated":true}]}}