{"id":156501,"date":"2023-05-24T10:34:13","date_gmt":"2023-05-24T08:34:13","guid":{"rendered":"http:\/\/www.messinaoggi.it\/website\/?p=156501"},"modified":"2023-05-24T13:27:34","modified_gmt":"2023-05-24T11:27:34","slug":"acr-messina-tre-consiglieri-chiedono-al-sindaco-di-convocare-imprenditori","status":"publish","type":"post","link":"https:\/\/www.messinaoggi.it\/website\/2023\/05\/24\/acr-messina-tre-consiglieri-chiedono-al-sindaco-di-convocare-imprenditori\/","title":{"rendered":"Acr Messina, tre consiglieri chiedono al Sindaco di convocare imprenditori"},"content":{"rendered":"\n<p>Questa mattina il consigliere comunale <strong>Dario Carbone, <\/strong>il Presidente della II Municipalit\u00e0 <strong>Davide Siracusano<\/strong> ed il Vice Presidente della VI Municipalit\u00e1 <strong>Giovanni Donato<\/strong> hanno richiesto al Sindaco di Messina di convocare urgentemente i Parlamentari regionali e nazionali messinesi e tutti i vertici delle associazioni di categoria imprenditoriali industriali e produttive.<div id=\"div-gpt-ad-Messinaoggi.it-DSK-300x250-corpoart\" style=\"text-align:center;margin:0 auto;\"><\/div><\/p>\n\n\n\n<p>\u201cRiteniamo che soltanto tramite un coinvolgimento cos\u00ec ampio potr\u00e0 crearsi una rete fitta di contatti che consenta ad eventuali interessati di acquistare la societ\u00e0 e salvare l\u2019ACR Messina\u201d hanno dichiarato Carbone, Donato e Siracusano.<div id=\"videoincontent\" style=\"clear:both\";><\/div><\/p>\n\n\n\n<p>\u201cTutti devono fare la propria parte in questa battaglia vitale: la politica, a Messina troppo spesso disinteressata alle sorti di quel fondamentale fenomeno sociale che \u00e8 il calcio e miope di fronte agli oggettivi benefici anche di natura economica da esso derivanti; l\u2019imprenditoria ed il tessuto produttivo locale, che troppo spesso si \u00e8 trincerato e nascosta dietro un dito non prendendo posizione e non investendo, considerando il calcio a Messina pi\u00f9 un problema che \u00e8 una risorsa\u201d continuano i Consiglieri.<\/p>\n\n\n\n<p>\u201cAdesso \u00e8 il momento di agire. Adesso \u00e8 il momento di gettare il cuore oltre l\u2019ostacolo e trovare soluzioni concrete ed immediate evitando che il tempo che stringe ci faccia per l\u2019ennesima volta diventare preda di personaggi loschi e poco raccomandabili che non hanno intenzione di rispettare Messina e i messinesi.\u201d incalzano Carbone, Donato e Siracusano.<\/p>\n\n\n\n<p>\u201cCaro Sindaco Basile, caro Presidente Sciotto, al centro di questo tavolo dovete esserci voi pronti ad assumervi le responsabilit\u00e0 derivanti l\u2019uno dall\u2019essere stato scelto dai nostri concittadini per guidare la citt\u00e0 nel bello e nel cattivo tempo, l\u2019altro per evitare di essere ricordato come il presidente che ha fatto definitivamente scomparire la citt\u00e0 di Messina dal panorama dello sport professionistico.<\/p>\n\n\n\n<p>Noi da semplici tifosi pi\u00f9 che da istituzioni siamo al vostro fianco e siamo al fianco dei cittadini messinesi che non vogliono nuovamente vedere infrangersi un sogno\u201d concludono.<\/p>\n","protected":false},"excerpt":{"rendered":"<p>Questa mattina il consigliere comunale Dario Carbone, il Presidente della II Municipalit\u00e0 Davide Siracusano ed il Vice Presidente della VI Municipalit\u00e1 Giovanni Donato hanno richiesto al Sindaco di Messina di convocare urgentemente i Parlamentari regionali e nazionali messinesi e tutti i vertici delle associazioni di categoria imprenditoriali industriali e produttive. \u201cRiteniamo che soltanto tramite un [&hellip;]<\/p>\n","protected":false},"author":15,"featured_media":156502,"comment_status":"open","ping_status":"open","sticky":false,"template":"","format":"standard","meta":{"ub_ctt_via":"","_mi_skip_tracking":false},"categories":[10,6,9],"tags":[24,6810,7918,6806,3756,7916,2972,7917,99],"featured_image_src":"https:\/\/www.messinaoggi.it\/website\/wp-content\/uploads\/2023\/05\/Chiamata-Armi-Acr.jpeg","author_info":{"display_name":"red.me","author_link":"https:\/\/www.messinaoggi.it\/website\/author\/red-me\/"},"digistream_id":0,"digistream":false,"_links":{"self":[{"href":"https:\/\/www.messinaoggi.it\/website\/wp-json\/wp\/v2\/posts\/156501"}],"collection":[{"href":"https:\/\/www.messinaoggi.it\/website\/wp-json\/wp\/v2\/posts"}],"about":[{"href":"https:\/\/www.messinaoggi.it\/website\/wp-json\/wp\/v2\/types\/post"}],"author":[{"embeddable":true,"href":"https:\/\/www.messinaoggi.it\/website\/wp-json\/wp\/v2\/users\/15"}],"replies":[{"embeddable":true,"href":"https:\/\/www.messinaoggi.it\/website\/wp-json\/wp\/v2\/comments?post=156501"}],"version-history":[{"count":1,"href":"https:\/\/www.messinaoggi.it\/website\/wp-json\/wp\/v2\/posts\/156501\/revisions"}],"predecessor-version":[{"id":156503,"href":"https:\/\/www.messinaoggi.it\/website\/wp-json\/wp\/v2\/posts\/156501\/revisions\/156503"}],"wp:featuredmedia":[{"embeddable":true,"href":"https:\/\/www.messinaoggi.it\/website\/wp-json\/wp\/v2\/media\/156502"}],"wp:attachment":[{"href":"https:\/\/www.messinaoggi.it\/website\/wp-json\/wp\/v2\/media?parent=156501"}],"wp:term":[{"taxonomy":"category","embeddable":true,"href":"https:\/\/www.messinaoggi.it\/website\/wp-json\/wp\/v2\/categories?post=156501"},{"taxonomy":"post_tag","embeddable":true,"href":"https:\/\/www.messinaoggi.it\/website\/wp-json\/wp\/v2\/tags?post=156501"}],"curies":[{"name":"wp","href":"https:\/\/api.w.org\/{rel}","templated":true}]}}