{"id":156495,"date":"2023-05-24T09:48:16","date_gmt":"2023-05-24T07:48:16","guid":{"rendered":"http:\/\/www.messinaoggi.it\/website\/?p=156495"},"modified":"2023-05-24T09:48:59","modified_gmt":"2023-05-24T07:48:59","slug":"unime-il-prof-morelli-nella-commissione-ministeriale-per-il-sistema-delle-conferenze","status":"publish","type":"post","link":"https:\/\/www.messinaoggi.it\/website\/2023\/05\/24\/unime-il-prof-morelli-nella-commissione-ministeriale-per-il-sistema-delle-conferenze\/","title":{"rendered":"Unime, il prof. Morelli nella Commissione ministeriale per il \u201cSistema delle Conferenze\u201d"},"content":{"rendered":"\n<p>Il professor Alessandro Morelli, Ordinario di Istituzioni di diritto pubblico nel Dipartimento di Scienze Politiche e Giuridiche dell\u2019Universit\u00e0 di Messina, \u00e8 stato nominato componente della Commissione con compiti di studio e analisi dei temi legati all\u2019organizzazione e al funzionamento del \u201cSistema delle Conferenze\u201d, comprendente la Conferenza permanente per i rapporti tra lo Stato, le Regioni e le Province autonome di Trento e di Bolzano, la Conferenza Stato, citt\u00e0 e autonomie locali, la Conferenza unificata e la Conferenza permanente per il coordinamento della finanza pubblica.<div id=\"div-gpt-ad-Messinaoggi.it-DSK-300x250-corpoart\" style=\"text-align:center;margin:0 auto;\"><\/div><\/p>\n\n\n\n<p>La Commissione \u00e8 stata istituita presso gli Uffici del Ministro per gli affari regionali e le autonomie e ha il compito di studiare e analizzare le disposizioni vigenti, la loro applicazione e le prassi sviluppatesi in materia di organizzazione e funzionamento delle suddette Conferenze, anche al fine di valutare l\u2019opportunit\u00e0 di apportare modifiche o integrazioni alla normativa vigente ovvero l\u2019adozione di uno o pi\u00f9 regolamenti interni.<div id=\"videoincontent\" style=\"clear:both\";><\/div><\/p>\n\n\n\n<p>La Commissione, a conclusione della propria attivit\u00e0, predisporr\u00e0 una relazione con cui dar\u00e0 conto del lavoro svolto e formuler\u00e0 proposte normative od operative.<\/p>\n","protected":false},"excerpt":{"rendered":"<p>Il professor Alessandro Morelli, Ordinario di Istituzioni di diritto pubblico nel Dipartimento di Scienze Politiche e Giuridiche dell\u2019Universit\u00e0 di Messina, \u00e8 stato nominato componente della Commissione con compiti di studio e analisi dei temi legati all\u2019organizzazione e al funzionamento del \u201cSistema delle Conferenze\u201d, comprendente la Conferenza permanente per i rapporti tra lo Stato, le Regioni [&hellip;]<\/p>\n","protected":false},"author":8,"featured_media":10361,"comment_status":"open","ping_status":"open","sticky":false,"template":"","format":"standard","meta":{"ub_ctt_via":"","_mi_skip_tracking":false},"categories":[7],"tags":[7913,7912,814],"featured_image_src":"https:\/\/www.messinaoggi.it\/website\/wp-content\/uploads\/2017\/10\/universita-messinaRRP_1726.jpg","author_info":{"display_name":"red..me","author_link":"https:\/\/www.messinaoggi.it\/website\/author\/redstage\/"},"digistream_id":0,"digistream":false,"_links":{"self":[{"href":"https:\/\/www.messinaoggi.it\/website\/wp-json\/wp\/v2\/posts\/156495"}],"collection":[{"href":"https:\/\/www.messinaoggi.it\/website\/wp-json\/wp\/v2\/posts"}],"about":[{"href":"https:\/\/www.messinaoggi.it\/website\/wp-json\/wp\/v2\/types\/post"}],"author":[{"embeddable":true,"href":"https:\/\/www.messinaoggi.it\/website\/wp-json\/wp\/v2\/users\/8"}],"replies":[{"embeddable":true,"href":"https:\/\/www.messinaoggi.it\/website\/wp-json\/wp\/v2\/comments?post=156495"}],"version-history":[{"count":2,"href":"https:\/\/www.messinaoggi.it\/website\/wp-json\/wp\/v2\/posts\/156495\/revisions"}],"predecessor-version":[{"id":156497,"href":"https:\/\/www.messinaoggi.it\/website\/wp-json\/wp\/v2\/posts\/156495\/revisions\/156497"}],"wp:featuredmedia":[{"embeddable":true,"href":"https:\/\/www.messinaoggi.it\/website\/wp-json\/wp\/v2\/media\/10361"}],"wp:attachment":[{"href":"https:\/\/www.messinaoggi.it\/website\/wp-json\/wp\/v2\/media?parent=156495"}],"wp:term":[{"taxonomy":"category","embeddable":true,"href":"https:\/\/www.messinaoggi.it\/website\/wp-json\/wp\/v2\/categories?post=156495"},{"taxonomy":"post_tag","embeddable":true,"href":"https:\/\/www.messinaoggi.it\/website\/wp-json\/wp\/v2\/tags?post=156495"}],"curies":[{"name":"wp","href":"https:\/\/api.w.org\/{rel}","templated":true}]}}