{"id":15643,"date":"2018-02-14T10:18:36","date_gmt":"2018-02-14T09:18:36","guid":{"rendered":"http:\/\/www.messinaoggi.it\/website\/?p=15643"},"modified":"2018-02-14T10:18:36","modified_gmt":"2018-02-14T09:18:36","slug":"messina-la-sabbia-di-tremestieri-venga-utilizzata-per-proteggere-galati-marina","status":"publish","type":"post","link":"https:\/\/www.messinaoggi.it\/website\/2018\/02\/14\/messina-la-sabbia-di-tremestieri-venga-utilizzata-per-proteggere-galati-marina\/","title":{"rendered":"Messina: &quot;La sabbia di Tremestieri venga utilizzata per proteggere Galati Marina&quot;"},"content":{"rendered":"<p>&#8220;Collocare la sabbia raccolta dal porto di Tremestieri sul litorale di Galati Marina&#8221;: questa la soluzione temporanea del presidente della Prima Circoscrizione,\u00a0Vincenzo Messina, per risolvere l&#8217;emergenza mareggiate che sta investendo il litorale sud di Messina.<br \/>\nLa richiesta \u00e8 stata inoltrata al commissario straordinario dell\u2019Autorit\u00e0 portuale,\u00a0Antonio De Simone; al sindaco Renato Accorinti\u00a0ed all\u2019assessore regionale al Territorio e Ambiente Salvatore Cordaro.<br \/>\nVincenzo Messina parte da una considerazione: il porto di Tremestieri \u00e8 costretto a chiudere il traffico di navi per almeno 20\/30 giorni all\u2019anno per liberare le invasature insabbiate a causa dello scirocco. La sabbia raccolta viene buttata in mare, operazione che, secondo Messina, \u00e8 molto pi\u00f9 costosa. In passato \u00e8 stato realizzato l\u2019esperimento di trasferire ben\u00a05mila metri cubi di sabbia sul litorale compreso tra S. Margherita e Galati Marina.<br \/>\nIn un modo o nell&#8217;altro bisogna trovare una soluzione per proteggere il centro abitato, visto che le mareggiate stanno &#8220;divorando&#8221; la costa, divenendo una seria minaccia per negozi ed abitazioni.<div id=\"div-gpt-ad-Messinaoggi.it-DSK-300x250-corpoart\" style=\"text-align:center;margin:0 auto;\"><\/div><\/p>\n<div id=\"videoincontent\" style=\"clear:both\";><\/div>","protected":false},"excerpt":{"rendered":"<p>&#8220;Collocare la sabbia raccolta dal porto di Tremestieri sul litorale di Galati Marina&#8221;: questa la soluzione temporanea del presidente della Prima Circoscrizione,\u00a0Vincenzo Messina, per risolvere l&#8217;emergenza mareggiate che sta investendo il litorale sud di Messina. La richiesta \u00e8 stata inoltrata al commissario straordinario dell\u2019Autorit\u00e0 portuale,\u00a0Antonio De Simone; al sindaco Renato Accorinti\u00a0ed all\u2019assessore regionale al Territorio [&hellip;]<\/p>\n","protected":false},"author":2,"featured_media":15306,"comment_status":"closed","ping_status":"open","sticky":false,"template":"","format":"standard","meta":{"ub_ctt_via":"","_mi_skip_tracking":false},"categories":[5],"tags":[],"featured_image_src":"https:\/\/www.messinaoggi.it\/website\/wp-content\/uploads\/2018\/02\/mareggiata-maltempo-santa-margherita-1.jpg","author_info":{"display_name":"Redazione","author_link":"https:\/\/www.messinaoggi.it\/website\/author\/redazione\/"},"digistream_id":0,"digistream":false,"_links":{"self":[{"href":"https:\/\/www.messinaoggi.it\/website\/wp-json\/wp\/v2\/posts\/15643"}],"collection":[{"href":"https:\/\/www.messinaoggi.it\/website\/wp-json\/wp\/v2\/posts"}],"about":[{"href":"https:\/\/www.messinaoggi.it\/website\/wp-json\/wp\/v2\/types\/post"}],"author":[{"embeddable":true,"href":"https:\/\/www.messinaoggi.it\/website\/wp-json\/wp\/v2\/users\/2"}],"replies":[{"embeddable":true,"href":"https:\/\/www.messinaoggi.it\/website\/wp-json\/wp\/v2\/comments?post=15643"}],"version-history":[{"count":0,"href":"https:\/\/www.messinaoggi.it\/website\/wp-json\/wp\/v2\/posts\/15643\/revisions"}],"wp:featuredmedia":[{"embeddable":true,"href":"https:\/\/www.messinaoggi.it\/website\/wp-json\/wp\/v2\/media\/15306"}],"wp:attachment":[{"href":"https:\/\/www.messinaoggi.it\/website\/wp-json\/wp\/v2\/media?parent=15643"}],"wp:term":[{"taxonomy":"category","embeddable":true,"href":"https:\/\/www.messinaoggi.it\/website\/wp-json\/wp\/v2\/categories?post=15643"},{"taxonomy":"post_tag","embeddable":true,"href":"https:\/\/www.messinaoggi.it\/website\/wp-json\/wp\/v2\/tags?post=15643"}],"curies":[{"name":"wp","href":"https:\/\/api.w.org\/{rel}","templated":true}]}}