{"id":156413,"date":"2023-05-23T18:02:57","date_gmt":"2023-05-23T16:02:57","guid":{"rendered":"https:\/\/www.messinaoggi.it\/website\/2023\/05\/23\/in-memoria-di-don-pino-puglisi-arriva-a-palermo-ho-sognato\/"},"modified":"2023-05-23T18:02:57","modified_gmt":"2023-05-23T16:02:57","slug":"in-memoria-di-don-pino-puglisi-arriva-a-palermo-ho-sognato","status":"publish","type":"post","link":"https:\/\/www.messinaoggi.it\/website\/2023\/05\/23\/in-memoria-di-don-pino-puglisi-arriva-a-palermo-ho-sognato\/","title":{"rendered":"In memoria di Don Pino Puglisi arriva a Palermo \u201cHo Sognato\u201d"},"content":{"rendered":"<div>\n<p>PALERMO (ITALPRESS) \u2013 In occasione del 10^ anniversario della Beatificazione di Padre Pino Puglisi e a 30 anni dal suo martirio, la Segreteria Provinciale dell\u2019Unione Sindacale Italiana Poliziotti di Palermo, insieme all\u2019Associazione Culturale della Polizia Municipale di Palermo, ha organizzato un evento speciale per ricordare l\u2019esemplare parroco. L\u2019iniziativa, intitolata \u201cHo Sognato\u201d, si svolger\u00e0 il 25 maggio presso la Caserma Pietro Lungaro \u2013 aula Domenico Corona, nel capoluogo siciliano.<br \/>\u201cPadre Pino Puglisi dedic\u00f2 la sua vita al recupero dei giovani coinvolti nella malavita organizzata del quartiere Brancaccio, lottando per le sue idee e cercando di offrire loro un futuro migliore \u2013 si legge in una nota -. Questo evento mira a mantenere viva la memoria di questo coraggioso sacerdote e a diffondere il suo messaggio di speranza e impegno sociale\u201d.<br \/>La manifestazione avr\u00e0 inizio alle ore 8.30 con l\u2019accoglienza degli ospiti e degli studenti delle diverse istituzioni scolastiche partecipanti. Tra questi l\u2019Istituto Comprensivo Statale Padre Pino Puglisi, l\u2019Istituto Linguistico Statale Ninni Cassara, l\u2019Istituto Statale Vincenzo Ragusa e Otama Kiyoara \u2013 Filippo Parlatore, l\u2019Istituto Comprensivo Statale Vittorio Emanuele III, l\u2019Educandato Maria Adelaide e la Scuola Secondaria Statale Di Primo Grado Publio Virgilio Marone. \u201cCoinvolgere gli studenti in un dibattito tematico offre loro l\u2019opportunit\u00e0 di riflettere sulle sfide che affrontano nella societ\u00e0 e sul ruolo che possono svolgere nel portare avanti l\u2019eredit\u00e0 di Padre Puglisi\u201d, spiegano gli organizzatori.<br \/>Alle 9.30 verr\u00e0 proiettato il docufilm intitolato \u201cL\u2019Ultimo Sorriso\u201d, scritto e diretto da Rosalinda Ferrante e Sergio Quartana. Uno sguardo intimo sulla vita e l\u2019eredit\u00e0 di Padre Puglisi, approfondendo il suo impegno contro la criminalit\u00e0 e la sua dedizione alla comunit\u00e0. Il lungometraggio permette al pubblico di immergersi nella vita di Padre Pino Puglisi, di conoscere le sue battaglie e di apprezzare il suo impegno nel contrasto alla criminalit\u00e0. Un film documentario che \u00e8 un tributo al suo lavoro e un modo per mantenere viva la sua memoria, affinch\u00e8 possa continuare a ispirare le generazioni future.<br \/>Alle 10.30 avr\u00e0 luogo un Tematic Talk, un dibattito sul tema del film, che coinvolger\u00e0 anche gli studenti partecipanti. Al dialogo interattivo prenderanno parte il Questore di Palermo, Leopoldo Laricchia, monsignor Filippo Sarullo, Parroco della Cattedrale di Palermo, Giovanni Assenzio, responsabile USIP Palermo, Paride Benassai, attore protagonista del docufilm \u201cL\u2019Ultimo Sorriso\u201d, Giuseppe Raimondi, segretario Regionale UIL Sicilia, e Paola Geraci, rappresentante del Movimento Presenza del Vangelo. L\u2019evento sar\u00e0 moderato da Francesco Panasci, giornalista e direttore artistico dell\u2019iniziativa.<br \/>Alle 12 avr\u00e0 luogo la performance poetica di Martina Calandra, intitolata \u201cHo Sognato\u201d, che aggiunge un elemento artistico all\u2019evento. Attraverso le parole e le emozioni espresse nella poesia, il pubblico viene invitato a riflettere sul potere dei sogni nel plasmare il futuro e nel superare gli ostacoli che si presentano lungo il cammino.<br \/>Infine, alle 12.30, le \u201cFiamme Oro Taekwondo\u201d chiuderanno l\u2019evento con una spettacolare esibizione. \u201cQuesto momento di energia e maestria atletica vuole rappresentare la forza e la determinazione necessarie per superare le sfide e realizzare i propri obiettivi, come ha fatto Padre Puglisi nel corso della sua vita\u201d, sottolineano gli organizzatori, che aggiungono: \u201cL\u2019evento \u2018Ho Sognat\u00f2 rappresenta un\u2019occasione unica per onorare la memoria di Padre Pino Puglisi e per riflettere sulle sfide ancora presenti nella societ\u00e0. La sua eredit\u00e0 continua a ispirare molte persone a lavorare per un futuro migliore, combattendo l\u2019ingiustizia e promuovendo la solidariet\u00e0 e la giustizia sociale. L\u2019iniziativa organizzata dalla Segreteria Provinciale dell\u2019Unione Sindacale Italiana Poliziotti di Palermo e dall\u2019Associazione Culturale della Polizia Municipale di Palermo dimostra l\u2019importanza di un impegno collettivo nella costruzione di una societ\u00e0 pi\u00f9 equa e sicura\u201d.<br \/>\u201cL\u2019evento si svolge in un luogo simbolico, la Caserma Pietro Lungaro, che rappresenta il cuore dell\u2019attivit\u00e0 delle forze dell\u2019ordine impegnate a garantire la sicurezza della comunit\u00e0. Questa scelta di location sottolinea l\u2019importanza della collaborazione tra la polizia e la comunit\u00e0 per contrastare la criminalit\u00e0 e promuovere la pace sociale\u201d, concludono gli organizzatori.<br \/>credit photo agenziafotogramma.it<br \/>(ITALPRESS).<div id=\"div-gpt-ad-Messinaoggi.it-DSK-300x250-corpoart\" style=\"text-align:center;margin:0 auto;\"><\/div><\/p>\n<\/div>\n<div id=\"videoincontent\" style=\"clear:both\";><\/div>","protected":false},"excerpt":{"rendered":"<p>PALERMO (ITALPRESS) \u2013 In occasione del 10^ anniversario della Beatificazione di Padre Pino Puglisi e a 30 anni dal suo martirio, la Segreteria Provinciale dell\u2019Unione Sindacale Italiana Poliziotti di Palermo, insieme all\u2019Associazione Culturale della Polizia Municipale di Palermo, ha organizzato un evento speciale per ricordare l\u2019esemplare parroco. L\u2019iniziativa, intitolata \u201cHo Sognato\u201d, si svolger\u00e0 il 25 [&hellip;]<\/p>\n","protected":false},"author":18,"featured_media":156414,"comment_status":"closed","ping_status":"closed","sticky":false,"template":"","format":"standard","meta":{"ub_ctt_via":"","_mi_skip_tracking":false},"categories":[2449],"tags":[783],"featured_image_src":"https:\/\/www.messinaoggi.it\/website\/wp-content\/uploads\/2023\/05\/20230523_1931.jpg","author_info":{"display_name":"Admin","author_link":"https:\/\/www.messinaoggi.it\/website\/author\/admin\/"},"digistream_id":0,"digistream":false,"_links":{"self":[{"href":"https:\/\/www.messinaoggi.it\/website\/wp-json\/wp\/v2\/posts\/156413"}],"collection":[{"href":"https:\/\/www.messinaoggi.it\/website\/wp-json\/wp\/v2\/posts"}],"about":[{"href":"https:\/\/www.messinaoggi.it\/website\/wp-json\/wp\/v2\/types\/post"}],"author":[{"embeddable":true,"href":"https:\/\/www.messinaoggi.it\/website\/wp-json\/wp\/v2\/users\/18"}],"replies":[{"embeddable":true,"href":"https:\/\/www.messinaoggi.it\/website\/wp-json\/wp\/v2\/comments?post=156413"}],"version-history":[{"count":0,"href":"https:\/\/www.messinaoggi.it\/website\/wp-json\/wp\/v2\/posts\/156413\/revisions"}],"wp:featuredmedia":[{"embeddable":true,"href":"https:\/\/www.messinaoggi.it\/website\/wp-json\/wp\/v2\/media\/156414"}],"wp:attachment":[{"href":"https:\/\/www.messinaoggi.it\/website\/wp-json\/wp\/v2\/media?parent=156413"}],"wp:term":[{"taxonomy":"category","embeddable":true,"href":"https:\/\/www.messinaoggi.it\/website\/wp-json\/wp\/v2\/categories?post=156413"},{"taxonomy":"post_tag","embeddable":true,"href":"https:\/\/www.messinaoggi.it\/website\/wp-json\/wp\/v2\/tags?post=156413"}],"curies":[{"name":"wp","href":"https:\/\/api.w.org\/{rel}","templated":true}]}}