{"id":15636,"date":"2018-02-14T09:15:54","date_gmt":"2018-02-14T08:15:54","guid":{"rendered":"http:\/\/www.messinaoggi.it\/website\/?p=15636"},"modified":"2018-02-14T09:15:54","modified_gmt":"2018-02-14T08:15:54","slug":"patto-per-la-falce-trischitta-da-navarra-solo-propaganda","status":"publish","type":"post","link":"https:\/\/www.messinaoggi.it\/website\/2018\/02\/14\/patto-per-la-falce-trischitta-da-navarra-solo-propaganda\/","title":{"rendered":"Patto per la Falce, Trischitta: &quot;Da Navarra solo propaganda&quot;"},"content":{"rendered":"<p style=\"text-align: justify;\">Per l\u2019ex Rettore, Pietro Navarra, l\u2019Universit\u00e0 di Messina ha svolto alla perfezione il proprio ruolo mettendo attorno ad un tavolo Comune ed Autorit\u00e0 portuale. Il commissario dell\u2019Authority, Antonino De Simone, il Patto della Falce sar\u00e0 rispettato e presto ci saranno passi in avanti, dopo che sar\u00e0 completata la procedura di Vas. Non si placano per\u00f2 le polemiche, anche ieri in commissione il capogruppo di Forza Italia, Giuseppe Trischitta ha detto la sua, soprattutto in merito al contenuto del Patto.<div id=\"div-gpt-ad-Messinaoggi.it-DSK-300x250-corpoart\" style=\"text-align:center;margin:0 auto;\"><\/div><\/p>\n<p style=\"text-align: justify;\">Lo stesso Accorinti il giorno della firma, due anni fa, ha ribadito come in quelle aree \u201cnon sorger\u00e0 un solo grattacielo\u201d ma ci sar\u00e0 un vasto parco verde, ma l\u2019esponente del centrodestra ha un\u2019idea diversa: \u201c<em>Il progetto dell\u2019amministrazione Accorinti \u00e8 stato criticato persino dall\u2019ex assessore Cucinotta \u2013 ha dichiarato \u2013 loro non vogliono che vi siano servizi per la cittadinanza.<\/em><div id=\"videoincontent\" style=\"clear:both\";><\/div><\/p>\n<p style=\"text-align: justify;\"><em>Io credo che nella falce debba essere realizzato il porticciolo turistico, ma anche strutture per l\u2019accoglienza dei turisti.\u00a0 Non sto parlando di grosse edificazioni, non sto parlando di cementificazione forzata, ma di piccola edilizia sostenibile, ma necessaria per lo sviluppo di quella zona e dell\u2019intera citt\u00e0. Messina ha bisogno di incrementare la propria vocazione turistica\u201d.<\/em><\/p>\n<p style=\"text-align: justify;\">Poi il pesante attacco all\u2019ex Rettore, Pietro Navarra: \u201c<em>Nonostante la mia avversione nei confronti di Accorinti, ritengo che Navarra abbia sfruttato la sua posizione perch\u00e9 gi\u00e0 all\u2019epoca aveva intenzione di intraprendere la carriera politica. Anche nei confronti di Accorinti si comport\u00f2 in maniera scorretta sotto il profilo istituzionale, un Rettore non pu\u00f2 pretendere di organizzare la cerimonia per la firma di un Patto che riguarda la citt\u00e0. Sin qui lui ha fatto solo propaganda\u201d.<\/em><\/p>\n","protected":false},"excerpt":{"rendered":"<p>Per l\u2019ex Rettore, Pietro Navarra, l\u2019Universit\u00e0 di Messina ha svolto alla perfezione il proprio ruolo mettendo attorno ad un tavolo Comune ed Autorit\u00e0 portuale. Il commissario dell\u2019Authority, Antonino De Simone, il Patto della Falce sar\u00e0 rispettato e presto ci saranno passi in avanti, dopo che sar\u00e0 completata la procedura di Vas. Non si placano per\u00f2 [&hellip;]<\/p>\n","protected":false},"author":2,"featured_media":13854,"comment_status":"closed","ping_status":"open","sticky":false,"template":"","format":"standard","meta":{"ub_ctt_via":"","_mi_skip_tracking":false},"categories":[6],"tags":[],"featured_image_src":"https:\/\/www.messinaoggi.it\/website\/wp-content\/uploads\/2018\/01\/trischitta-RRP_9062-1.jpg","author_info":{"display_name":"Redazione","author_link":"https:\/\/www.messinaoggi.it\/website\/author\/redazione\/"},"digistream_id":0,"digistream":false,"_links":{"self":[{"href":"https:\/\/www.messinaoggi.it\/website\/wp-json\/wp\/v2\/posts\/15636"}],"collection":[{"href":"https:\/\/www.messinaoggi.it\/website\/wp-json\/wp\/v2\/posts"}],"about":[{"href":"https:\/\/www.messinaoggi.it\/website\/wp-json\/wp\/v2\/types\/post"}],"author":[{"embeddable":true,"href":"https:\/\/www.messinaoggi.it\/website\/wp-json\/wp\/v2\/users\/2"}],"replies":[{"embeddable":true,"href":"https:\/\/www.messinaoggi.it\/website\/wp-json\/wp\/v2\/comments?post=15636"}],"version-history":[{"count":0,"href":"https:\/\/www.messinaoggi.it\/website\/wp-json\/wp\/v2\/posts\/15636\/revisions"}],"wp:featuredmedia":[{"embeddable":true,"href":"https:\/\/www.messinaoggi.it\/website\/wp-json\/wp\/v2\/media\/13854"}],"wp:attachment":[{"href":"https:\/\/www.messinaoggi.it\/website\/wp-json\/wp\/v2\/media?parent=15636"}],"wp:term":[{"taxonomy":"category","embeddable":true,"href":"https:\/\/www.messinaoggi.it\/website\/wp-json\/wp\/v2\/categories?post=15636"},{"taxonomy":"post_tag","embeddable":true,"href":"https:\/\/www.messinaoggi.it\/website\/wp-json\/wp\/v2\/tags?post=15636"}],"curies":[{"name":"wp","href":"https:\/\/api.w.org\/{rel}","templated":true}]}}