{"id":156338,"date":"2023-05-23T11:56:21","date_gmt":"2023-05-23T09:56:21","guid":{"rendered":"http:\/\/www.messinaoggi.it\/website\/?p=156338"},"modified":"2023-12-03T02:18:20","modified_gmt":"2023-12-03T01:18:20","slug":"il-26-torna-messina-mese-del-mare-ecco-il-calendario","status":"publish","type":"post","link":"https:\/\/www.messinaoggi.it\/website\/2023\/05\/23\/il-26-torna-messina-mese-del-mare-ecco-il-calendario\/","title":{"rendered":"Il 26 torna Messina Mese del Mare: ecco il calendario"},"content":{"rendered":"\n<p>Saranno tre settimane ricche di appuntamenti quelle che verranno, che vedranno Messina quale protagonista di citt\u00e0 del mare. Si \u00e8 tenuta questa mattina, presso il Salone delle Bandiere di Palazzo Zanca, la conferenza di presentazione di \u201cMessina Mese del Mare \u2013 MEMAR 2023\u201d, manifestazione unica nel suo genere che intende coniugare l\u2019obiettivo della promozione delle attivit\u00e0 legate al mare e delle tradizioni della nostra terra.<div id=\"div-gpt-ad-Messinaoggi.it-DSK-300x250-corpoart\" style=\"text-align:center;margin:0 auto;\"><\/div><\/p>\n\n\n\n<p>Alla conferenza hanno partecipato il presidente di Assonautica Messina Santi Ilacqua, il sindaco Federico Basile, gli assessori allo Sport e al Turismo, rispettivamente Massimo Finocchiaro ed Enzo Caruso, e il presidente della Camera di Commercio Ivo Blandina.<div id=\"videoincontent\" style=\"clear:both\";><\/div><\/p>\n\n\n\n<p>\u201cStiamo dando respiro a una citt\u00e0 che ultimamente sta riscoprendo le sue risorse, tra cui il mare. &#8211; ha dichiarato Basile &#8211; Per questo io e la mia squadra di governo abbiamo deciso di sposare questa iniziativa, che siamo convinti diventer\u00e0 una realt\u00e0 strutturata per una citt\u00e0 che vuole riprendersi i suoi spazi\u201d. Agli interventi di Basile hanno fatto seguito quelli degli assessori Finocchiaro e Caruso, durante i quali hanno sottolineato quanto iniziative come MEMAR siano importanti per rilanciare lo sport e il turismo della citt\u00e0 nel Mediterraneo e non solo. Blandina, infine, ha posto l\u2019attenzione sull\u2019importanza di questa manifestazione nel sensibilizzare la collettivit\u00e0 sulla tematica del contrasto all\u2019inquinamento del mare, oltre che nel valorizzare l\u2019economia del mare: \u201cL\u2019economia del mare ci interessa molto, investiremo impegno e risorse nel creare valore e lavoro per i giovani\u201d, ha concluso Blandina durante il suo intervento.<\/p>\n\n\n\n<p><strong>Il calendario delle attivit\u00e0.<\/strong> Il presidente di Assonautica Messina ha illustrato il fitto calendario delle attivit\u00e0 della manifestazione, che inizier\u00e0 ufficialmente il 26 maggio e proseguir\u00e0 sino al 18 giugno:<\/p>\n\n\n\n<ul><li><strong>26 maggio.<\/strong> Sono previsti il Campionato Italiano Slalom Assoluto (pinna e foil) e il Campionato Italiano Giovanile Slalom Assoluto (pinna e foil), ospitato dal Windsurf Club Messina, su delega della Federazione Italiana Vela e in collaborazione con A.I.C.W. (Associazione Italiana Classi Windsurf)<\/li><li><strong>2 giugno.<\/strong> Sar\u00e0 inaugurato il Village \u201cVele dello Stretto \u2013 MEMAR\u201d, allestito anche quest\u2019anno alla \u201cPasseggiata a mare\u201d. Al \u201cVillage\u201d ci sar\u00e0 un clima vivace e operativo, con gazebo destinati ai servizi previsti e alle esposizioni dei circoli, delle istituzioni e degli sponsor, e si svolgeranno le premiazioni delle varie competizioni.<\/li><\/ul>\n\n\n\n<p><strong>Tra il 3 e il 4 giugno<\/strong> sono in programma numerosi appuntamenti:<\/p>\n\n\n\n<ul><li>Il 3 giugno \u00e8 prevista una regata FIV per derive di tutte le classi, organizzata dalla Lega Navale Italiana sezione di Messina, nella Baia di Grotte. Torna anche l\u2019Invito alla Vela, che quest\u2019anno si decliner\u00e0 in tre giornate: l\u2019open day dell\u2019Octopus (3 e 4 giugno) e del Windsurf Club (4 giugno).<\/li><li>Sempre tra il 3 e il 4 giugno, al Village \u201cVele dello Stretto \u2013 MEMAR\u201d si svolger\u00e0 \u201cE20 dello Stretto\u201d, un evento enogastronomico d\u2019eccellenza affacciato sul mare ed in barca. Il programma prevede degustazioni guidate e contest enogastronomici, per valorizzare la qualit\u00e0 dei prodotti \u201cmade in Sicily\u201d. In queste due giornate i partecipanti potranno immergersi in un viaggio itinerante e multisensoriale nella magica atmosfera dello Stretto, a bordo di imbarcazioni meravigliose.<\/li><li>Il 4 giugno si svolger\u00e0, a cura della Camera di Commercio di Messina, il convegno: \u201cLa centralit\u00e0 della blue economy in Sicilia ed a Messina: dialogo con Nino Esposito\u201d, Direttore Generale Centro Studi Camere di Commercio \u201cGuglielmo Tagliacarne\u201d. L\u2019evento ha come obiettivo quello di comprendere la capacit\u00e0 che ha la Blue Economy di attivare gli altri settori dell\u2019economia, tenuto conto che Messina \u00e8 al primo posto nella regione come incidenza complessiva dell\u2019economia del mare sul complesso dei beni e servizi prodotti.<\/li><\/ul>\n\n\n\n<p>Dopo questa prima settimana, la manifestazione proseguir\u00e0 con le seguenti attivit\u00e0:<\/p>\n\n\n\n<ul><li><strong>8-11 giugno.<\/strong> Maurizio Schepici, con il suo off shore \u201cTommy One\u201d tenter\u00e0 di migliorare il record di 51 minuti e 54 secondi per coprire la distanza tra Messina e Vulcano, andata e ritorno, raggiunto nel 2020. \u201cTommy One\u201d \u00e8 un monoscafo impressionante per dimensioni e potenza che sar\u00e0 ormeggiato al \u201cVillage Vele dello Stretto \u2013 MEMAR\u201d per tutta la durata dell\u2019evento.<\/li><li><strong>11 giugno.<\/strong> Si svolger\u00e0 l\u2019evento centrale del MEMAR: l\u2019ottava edizione della grande regata \u201cVele dello Stretto\u201d. Una manifestazione sportiva che, come in passato, mira alla promozione dello sport della Vela, delle attivit\u00e0 marinare e del turismo nautico, che si svolger\u00e0 per tutta la giornata di domenica e che, l\u2019anno scorso, ha visto la presenza in acqua di ben 129 vele tra barche e windsurf. Nella stessa giornata si svolger\u00e0 la premiazione al \u201cVillage Vele dello Stretto \u2013 MEMAR\u201d, animato dal motorhome di Studio54 Network.<\/li><li><strong>17 giugno.<\/strong> Sar\u00e0 previsto un momento dedicato esclusivamente ai bambini, con un apposito trofeo \u201cVele dello Stretto\u201d, nell\u2019ambito del campionato della VII zona FIV.<\/li><\/ul>\n\n\n\n<p>A chiudere la manifestazione sar\u00e0 l\u2019immancabile gara di pesca, che preveder\u00e0 due diverse prove, a bolentino ed a traina, a seguito delle quali si terranno le premiazioni per il maggior pescato e per l\u2019esemplare pi\u00f9 importante.<\/p>\n","protected":false},"excerpt":{"rendered":"<p>Saranno tre settimane ricche di appuntamenti quelle che verranno, che vedranno Messina quale protagonista di citt\u00e0 del mare. Si \u00e8 tenuta questa mattina, presso il Salone delle Bandiere di Palazzo Zanca, la conferenza di presentazione di \u201cMessina Mese del Mare \u2013 MEMAR 2023\u201d, manifestazione unica nel suo genere che intende coniugare l\u2019obiettivo della promozione delle [&hellip;]<\/p>\n","protected":false},"author":8,"featured_media":156339,"comment_status":"open","ping_status":"open","sticky":false,"template":"","format":"standard","meta":{"ub_ctt_via":"","_mi_skip_tracking":false},"categories":[5],"tags":[7907,7850],"featured_image_src":"https:\/\/www.messinaoggi.it\/website\/wp-content\/uploads\/2023\/05\/eb89e963-06be-4537-8e43-23700130f577.jpg","author_info":{"display_name":"red..me","author_link":"https:\/\/www.messinaoggi.it\/website\/author\/redstage\/"},"digistream_id":0,"digistream":false,"_links":{"self":[{"href":"https:\/\/www.messinaoggi.it\/website\/wp-json\/wp\/v2\/posts\/156338"}],"collection":[{"href":"https:\/\/www.messinaoggi.it\/website\/wp-json\/wp\/v2\/posts"}],"about":[{"href":"https:\/\/www.messinaoggi.it\/website\/wp-json\/wp\/v2\/types\/post"}],"author":[{"embeddable":true,"href":"https:\/\/www.messinaoggi.it\/website\/wp-json\/wp\/v2\/users\/8"}],"replies":[{"embeddable":true,"href":"https:\/\/www.messinaoggi.it\/website\/wp-json\/wp\/v2\/comments?post=156338"}],"version-history":[{"count":4,"href":"https:\/\/www.messinaoggi.it\/website\/wp-json\/wp\/v2\/posts\/156338\/revisions"}],"predecessor-version":[{"id":179327,"href":"https:\/\/www.messinaoggi.it\/website\/wp-json\/wp\/v2\/posts\/156338\/revisions\/179327"}],"wp:featuredmedia":[{"embeddable":true,"href":"https:\/\/www.messinaoggi.it\/website\/wp-json\/wp\/v2\/media\/156339"}],"wp:attachment":[{"href":"https:\/\/www.messinaoggi.it\/website\/wp-json\/wp\/v2\/media?parent=156338"}],"wp:term":[{"taxonomy":"category","embeddable":true,"href":"https:\/\/www.messinaoggi.it\/website\/wp-json\/wp\/v2\/categories?post=156338"},{"taxonomy":"post_tag","embeddable":true,"href":"https:\/\/www.messinaoggi.it\/website\/wp-json\/wp\/v2\/tags?post=156338"}],"curies":[{"name":"wp","href":"https:\/\/api.w.org\/{rel}","templated":true}]}}