{"id":156303,"date":"2023-05-23T09:57:03","date_gmt":"2023-05-23T07:57:03","guid":{"rendered":"http:\/\/www.messinaoggi.it\/website\/?p=156303"},"modified":"2023-05-23T10:17:14","modified_gmt":"2023-05-23T08:17:14","slug":"fogliani-la-uil-fpl-diffida-lasp-mancano-infermieri","status":"publish","type":"post","link":"https:\/\/www.messinaoggi.it\/website\/2023\/05\/23\/fogliani-la-uil-fpl-diffida-lasp-mancano-infermieri\/","title":{"rendered":"Fogliani, la Uil-Fpl diffida l&#8217;Asp: &#8220;Mancano infermieri&#8221;"},"content":{"rendered":"\n<p>La carenza di personale infermieristico e di OSS dell\u2019Unit\u00e0 operativa complessa di chirurgia dell\u2019ospedale di Milazzo al centro di una nota spedita dalla Uil-Fpl di Messina. Il documento recante la firma del segretario generale, <strong>Livio Andronico<\/strong>, e del referente dell\u2019ospedale di Milazzo, <strong>Nino Mond\u00ec<\/strong>, segue di alcune settimane un\u2019altra nota spedita al managment dell\u2019Asp di Messina e ai vertici dell\u2019<strong>ospedale Fogliani<\/strong>.<div id=\"div-gpt-ad-Messinaoggi.it-DSK-300x250-corpoart\" style=\"text-align:center;margin:0 auto;\"><\/div><\/p>\n\n\n\n<p>\u201cLa scrivente organizzazione sindacale, purtroppo \u00e8 costretta ad intervenire ancora una volta per rappresentare alle SS.LL. i gravissimi disagi che sta subendo il personale infermieristico  dell\u2019U.O.C. di Chirurgia del P.O. di Milazzo. Infatti, presso tale unit\u00e0 operativa, dotata di 14 posti letto, a fronte di 16 infermieri previsti  nella nuova dotazione organica ad oggi <strong>risultano assegnati: <\/strong>dieci infermieri turnisti, di cui due assenti per malattia dall\u20198 maggio c.a. e tre beneficiari  dei permessi mensili per legge 104\/92, che mensilmente devono essere sostituiti; una  infermiera turnista a tutt\u2019oggi assente per malattia dal 25 novembre 2022; due infermieri giornalieri in reparto, di cui una con importanti limitazioni; due infermieri dedicati <strong>esclusivamente <\/strong>alle attivit\u00e0 ambulatoriali e un  coordinatore infermieristico  Alcuni mesi addietro, a seguito delle nostre azioni sindacali, codesta amministrazione aveva  assegnato tre infermieri e le condizioni di lavoro all\u2019interno di tale unit\u00e0 operativa erano notevolmente migliorate.  La situazione \u00e8 precipitata quando a seguito della stabilizzazione di due infermieri, codesto management, ha disposto l\u2019assegnazione degli stessi presso il P.O. di Taormina, lasciando scoperto  l\u2019organico della Chirurgia a discapito dell\u2019organizzazione interna dei processi assistenziali. A breve un altro infermiere, che ha maturato i requisiti della legge 234\/21 verr\u00e0 stabilizzato e  sicuramente verr\u00e0 assegnato presso altra sede di lavoro con tutti i disagi facilmente immaginabili. Inoltre, a tutt\u2019oggi, in maniera inspiegabile, non \u00e8 stato ancora sostituito, un infermiere che dal  mese di ottobre 2022 \u00e8 stato sospeso definitivamente dal servizio. Tutto ci\u00f2, sta causando <strong>disagi e notevole stress psicofisico <\/strong>al personale in servizio, stante  che, oltre ad avere difficolt\u00e0 a poter garantire i Lea, da una recente riunione con il responsabile di  struttura \u00e8 emerso che potranno essere concesse un ridotto numero di giornate di ferie estive. Quanto sta accadendo, oltre ad essere inaccettabile, viola il vigente CCNL e mortifica il  lavoratore che ha il pieno diritto a fruire almeno due settimane di ferie nel periodo estivo. Pertanto, per quanto sopra, la scrivente organizzazione sindacale, al fine tutelare l\u2019<strong>integrit\u00e0  psicofisica <\/strong>dei propri associati <strong>diffida <\/strong>codesta amministrazione ad <strong>intervenire urgentemente<\/strong>, per <strong>assegnare un adeguato numero di personale infermieristico <\/strong>ad integrazione dell\u2019organico di  reparto previsto dalla vigente dotazione organica. In assenza di risposta, entro 7 giorni dal ricevimento della presente si agir\u00e0 nelle sedi opportune  a tutela dei lavoratori e dei pazienti che hanno il diritto di essere adeguatamente assistiti&#8221;.<div id=\"videoincontent\" style=\"clear:both\";><\/div><\/p>\n\n\n\n<p>Conclude la nota.<\/p>\n","protected":false},"excerpt":{"rendered":"<p>La carenza di personale infermieristico e di OSS dell\u2019Unit\u00e0 operativa complessa di chirurgia dell\u2019ospedale di Milazzo al centro di una nota spedita dalla Uil-Fpl di Messina. Il documento recante la firma del segretario generale, Livio Andronico, e del referente dell\u2019ospedale di Milazzo, Nino Mond\u00ec, segue di alcune settimane un\u2019altra nota spedita al managment dell\u2019Asp di [&hellip;]<\/p>\n","protected":false},"author":2,"featured_media":45745,"comment_status":"open","ping_status":"open","sticky":false,"template":"","format":"standard","meta":{"ub_ctt_via":"","_mi_skip_tracking":false},"categories":[13,14],"tags":[7555,2255,937],"featured_image_src":"https:\/\/www.messinaoggi.it\/website\/wp-content\/uploads\/2020\/07\/E8AF2787-5923-4439-B3E6-D0018B0798C7-scaled-1.jpeg","author_info":{"display_name":"Redazione","author_link":"https:\/\/www.messinaoggi.it\/website\/author\/redazione\/"},"digistream_id":0,"digistream":false,"_links":{"self":[{"href":"https:\/\/www.messinaoggi.it\/website\/wp-json\/wp\/v2\/posts\/156303"}],"collection":[{"href":"https:\/\/www.messinaoggi.it\/website\/wp-json\/wp\/v2\/posts"}],"about":[{"href":"https:\/\/www.messinaoggi.it\/website\/wp-json\/wp\/v2\/types\/post"}],"author":[{"embeddable":true,"href":"https:\/\/www.messinaoggi.it\/website\/wp-json\/wp\/v2\/users\/2"}],"replies":[{"embeddable":true,"href":"https:\/\/www.messinaoggi.it\/website\/wp-json\/wp\/v2\/comments?post=156303"}],"version-history":[{"count":2,"href":"https:\/\/www.messinaoggi.it\/website\/wp-json\/wp\/v2\/posts\/156303\/revisions"}],"predecessor-version":[{"id":156318,"href":"https:\/\/www.messinaoggi.it\/website\/wp-json\/wp\/v2\/posts\/156303\/revisions\/156318"}],"wp:featuredmedia":[{"embeddable":true,"href":"https:\/\/www.messinaoggi.it\/website\/wp-json\/wp\/v2\/media\/45745"}],"wp:attachment":[{"href":"https:\/\/www.messinaoggi.it\/website\/wp-json\/wp\/v2\/media?parent=156303"}],"wp:term":[{"taxonomy":"category","embeddable":true,"href":"https:\/\/www.messinaoggi.it\/website\/wp-json\/wp\/v2\/categories?post=156303"},{"taxonomy":"post_tag","embeddable":true,"href":"https:\/\/www.messinaoggi.it\/website\/wp-json\/wp\/v2\/tags?post=156303"}],"curies":[{"name":"wp","href":"https:\/\/api.w.org\/{rel}","templated":true}]}}