{"id":156299,"date":"2023-05-23T09:08:00","date_gmt":"2023-05-23T07:08:00","guid":{"rendered":"https:\/\/www.messinaoggi.it\/website\/2023\/05\/23\/scoperta-truffa-da-17-milioni-per-il-bonus-facciate-10-arresti\/"},"modified":"2023-05-23T09:57:15","modified_gmt":"2023-05-23T07:57:15","slug":"scoperta-truffa-da-17-milioni-per-il-bonus-facciate-10-arresti","status":"publish","type":"post","link":"https:\/\/www.messinaoggi.it\/website\/2023\/05\/23\/scoperta-truffa-da-17-milioni-per-il-bonus-facciate-10-arresti\/","title":{"rendered":"Scoperta truffa da 17 milioni per il \u201cBonus facciate\u201d, 10 arresti"},"content":{"rendered":"<div>VERONA (ITALPRESS) &#8211; La Guardia di Finanza di Verona e Agrigento e i Carabinieri di Verona hanno eseguito, in Veneto, Lazio, Piemonte e Sicilia un&#8217;ordinanza di custodia cautelare emessa dal G.I.P. presso il Tribunale scaligero nei confronti di 10 persone, 3 dei quali condotti in carcere e 7 agli arresti domiciliari. <br \/>Disposto il sequestro preventivo finalizzato alla confisca di beni per un valore di oltre 5 milioni di euro. Sono pertanto scattati i sigilli anche su conti correnti, autovetture, immobili nonch\u00e8 su societ\u00e0 e attivit\u00e0 commerciali e turistiche tra cui hotel, pasticcerie e ristoranti in diverse localit\u00e0 del Lago di Garda. <br \/>L&#8217;accusa nei confronti degli indagati \u00e8 quella di aver fatto parte di un&#8217;associazione per delinquere finalizzata alla commissione di truffe per l&#8217;illecita percezione di contributi statali, i &#8220;bonus facciate&#8221;, utilizzando crediti fiscali fittizi che poi, una volta monetizzati, venivano riciclati nell&#8217;acquisizione di attivit\u00e0 economiche sul Lago di Garda. Il tutto, tra l&#8217;altro, aggravato dal carattere transnazionale, avendo gli indagati operato sia sul territorio nazionale che estero.<div id=\"div-gpt-ad-Messinaoggi.it-DSK-300x250-corpoart\" style=\"text-align:center;margin:0 auto;\"><\/div><\/p>\n<p>&#8211; foto: agenziafotogramma.it <div id=\"videoincontent\" style=\"clear:both\";><\/div><\/p>\n<p>(ITALPRESS).<\/p><\/div>\n","protected":false},"excerpt":{"rendered":"<p>VERONA (ITALPRESS) &#8211; La Guardia di Finanza di Verona e Agrigento e i Carabinieri di Verona hanno eseguito, in Veneto, Lazio, Piemonte e Sicilia un&#8217;ordinanza di custodia cautelare emessa dal G.I.P. presso il Tribunale scaligero nei confronti di 10 persone, 3 dei quali condotti in carcere e 7 agli arresti domiciliari. Disposto il sequestro preventivo [&hellip;]<\/p>\n","protected":false},"author":18,"featured_media":156300,"comment_status":"closed","ping_status":"closed","sticky":false,"template":"","format":"standard","meta":{"ub_ctt_via":"","_mi_skip_tracking":false},"categories":[446,6],"tags":[783],"featured_image_src":"https:\/\/www.messinaoggi.it\/website\/wp-content\/uploads\/2023\/05\/20230523_0094.jpg","author_info":{"display_name":"Admin","author_link":"https:\/\/www.messinaoggi.it\/website\/author\/admin\/"},"digistream_id":0,"digistream":false,"_links":{"self":[{"href":"https:\/\/www.messinaoggi.it\/website\/wp-json\/wp\/v2\/posts\/156299"}],"collection":[{"href":"https:\/\/www.messinaoggi.it\/website\/wp-json\/wp\/v2\/posts"}],"about":[{"href":"https:\/\/www.messinaoggi.it\/website\/wp-json\/wp\/v2\/types\/post"}],"author":[{"embeddable":true,"href":"https:\/\/www.messinaoggi.it\/website\/wp-json\/wp\/v2\/users\/18"}],"replies":[{"embeddable":true,"href":"https:\/\/www.messinaoggi.it\/website\/wp-json\/wp\/v2\/comments?post=156299"}],"version-history":[{"count":1,"href":"https:\/\/www.messinaoggi.it\/website\/wp-json\/wp\/v2\/posts\/156299\/revisions"}],"predecessor-version":[{"id":156306,"href":"https:\/\/www.messinaoggi.it\/website\/wp-json\/wp\/v2\/posts\/156299\/revisions\/156306"}],"wp:featuredmedia":[{"embeddable":true,"href":"https:\/\/www.messinaoggi.it\/website\/wp-json\/wp\/v2\/media\/156300"}],"wp:attachment":[{"href":"https:\/\/www.messinaoggi.it\/website\/wp-json\/wp\/v2\/media?parent=156299"}],"wp:term":[{"taxonomy":"category","embeddable":true,"href":"https:\/\/www.messinaoggi.it\/website\/wp-json\/wp\/v2\/categories?post=156299"},{"taxonomy":"post_tag","embeddable":true,"href":"https:\/\/www.messinaoggi.it\/website\/wp-json\/wp\/v2\/tags?post=156299"}],"curies":[{"name":"wp","href":"https:\/\/api.w.org\/{rel}","templated":true}]}}