{"id":15626,"date":"2018-02-13T23:15:30","date_gmt":"2018-02-13T22:15:30","guid":{"rendered":"http:\/\/www.messinaoggi.it\/website\/?p=15626"},"modified":"2018-02-13T23:15:30","modified_gmt":"2018-02-13T22:15:30","slug":"un-vigile-sul-carro-attrezzi-il-silpol-chiede-il-ritiro-della-delibera","status":"publish","type":"post","link":"https:\/\/www.messinaoggi.it\/website\/2018\/02\/13\/un-vigile-sul-carro-attrezzi-il-silpol-chiede-il-ritiro-della-delibera\/","title":{"rendered":"Un Vigile sul carro attrezzi, il Silpol chiede il ritiro della delibera"},"content":{"rendered":"<p>Non \u00e8 un carro di carnevale, visto il periodo, ma \u00e8 il carro attrezzi. Secondo una recente delibera di giunta, si prevede a bordo la presenza di un vigile urbano. &#8220;Un&#8217;altra decisione calata dall&#8217;alto &#8211; <strong>d<\/strong>ice il segretario provinciale del Silpol, il sindacato italiano lavoratori polizia locale, Giuseppe Gemellaro -.\u00a0 che conferma ancora superficialit\u00e0 e disattenzione verso la polizia municipale&#8221;. Il sindacato chiede maggiori risorse umane, invece la giunta ha di recente ridotto la dotazione organica del corpo da 560 a 473 unit\u00e0. &#8220;Questo \u00e8 il risultato della politica di questa Amministrazione &#8211; prosegue Gemellaro -, che ha sacrificato e continua a farlo la polizia municipale in termini di risorse umane strutturate e che sta per incidere fortemente anche su quelle economiche dei lavoratori perch\u00e8 evidentemente poco idonei a creare consenso&#8221;.<br \/>\nPer il Silpol, un solo vigile a bordo del carro attrezzi \u00e8 un fattore di rischio. &#8220;E&#8217;\u00a0inconcepibile che si operi da soli senza il necessario supporto del collega. La sicurezza degli agenti, in territori urbani in grave stato di degrado, \u00e8 condizione irrinunciabile dalla quale scaturisce la necessit\u00e0 di adottare specifiche tutele. Non abbiamo bisogno di lacrime di coccodrillo e solidariet\u00e0 postume. Abbiamo invece bisogno di fare le cose per bene e con un&#8217;adeguata concertazione si possono trovare soluzioni condivise, l&#8217;abbiamo dimostrato, che diano tranquillit\u00e0 e giovamento a tutti. Si ritiri la delibera per riformularla e si apra nel contempo un confronto con le parti anche perch\u00e9 l&#8217;aspetto organizzativo\/gestionale dovrebbe esulare da quello di indirizzo che compete all&#8217;organo politico. Purtroppo in questi anni ci si \u00e8 convinti che bastava rendere \u201cuguali\u201d sulla carta tutti i dipendenti per convincersi che specificit\u00e0 e professionalit\u00e0 della polizia municipale fossero misure da trattare con quell&#8217;ordinariet\u00e0 e superficialit\u00e0 che non ci \u00e8 dovuta&#8221;.<div id=\"div-gpt-ad-Messinaoggi.it-DSK-300x250-corpoart\" style=\"text-align:center;margin:0 auto;\"><\/div><\/p>\n<div id=\"videoincontent\" style=\"clear:both\";><\/div>","protected":false},"excerpt":{"rendered":"<p>Non \u00e8 un carro di carnevale, visto il periodo, ma \u00e8 il carro attrezzi. Secondo una recente delibera di giunta, si prevede a bordo la presenza di un vigile urbano. &#8220;Un&#8217;altra decisione calata dall&#8217;alto &#8211; dice il segretario provinciale del Silpol, il sindacato italiano lavoratori polizia locale, Giuseppe Gemellaro -.\u00a0 che conferma ancora superficialit\u00e0 e [&hellip;]<\/p>\n","protected":false},"author":2,"featured_media":2253,"comment_status":"closed","ping_status":"open","sticky":false,"template":"","format":"standard","meta":{"ub_ctt_via":"","_mi_skip_tracking":false},"categories":[5],"tags":[],"featured_image_src":"https:\/\/www.messinaoggi.it\/website\/wp-content\/uploads\/2017\/06\/polizia-municipale-al-mercato-vascone-2.jpg","author_info":{"display_name":"Redazione","author_link":"https:\/\/www.messinaoggi.it\/website\/author\/redazione\/"},"digistream_id":0,"digistream":false,"_links":{"self":[{"href":"https:\/\/www.messinaoggi.it\/website\/wp-json\/wp\/v2\/posts\/15626"}],"collection":[{"href":"https:\/\/www.messinaoggi.it\/website\/wp-json\/wp\/v2\/posts"}],"about":[{"href":"https:\/\/www.messinaoggi.it\/website\/wp-json\/wp\/v2\/types\/post"}],"author":[{"embeddable":true,"href":"https:\/\/www.messinaoggi.it\/website\/wp-json\/wp\/v2\/users\/2"}],"replies":[{"embeddable":true,"href":"https:\/\/www.messinaoggi.it\/website\/wp-json\/wp\/v2\/comments?post=15626"}],"version-history":[{"count":0,"href":"https:\/\/www.messinaoggi.it\/website\/wp-json\/wp\/v2\/posts\/15626\/revisions"}],"wp:featuredmedia":[{"embeddable":true,"href":"https:\/\/www.messinaoggi.it\/website\/wp-json\/wp\/v2\/media\/2253"}],"wp:attachment":[{"href":"https:\/\/www.messinaoggi.it\/website\/wp-json\/wp\/v2\/media?parent=15626"}],"wp:term":[{"taxonomy":"category","embeddable":true,"href":"https:\/\/www.messinaoggi.it\/website\/wp-json\/wp\/v2\/categories?post=15626"},{"taxonomy":"post_tag","embeddable":true,"href":"https:\/\/www.messinaoggi.it\/website\/wp-json\/wp\/v2\/tags?post=15626"}],"curies":[{"name":"wp","href":"https:\/\/api.w.org\/{rel}","templated":true}]}}