{"id":15622,"date":"2018-02-14T06:02:31","date_gmt":"2018-02-14T05:02:31","guid":{"rendered":"http:\/\/www.messinaoggi.it\/website\/?p=15622"},"modified":"2018-02-14T06:02:31","modified_gmt":"2018-02-14T05:02:31","slug":"fusione-ircc-papardo-in-campo-anche-la-cisl-consultino-i-sindacati","status":"publish","type":"post","link":"https:\/\/www.messinaoggi.it\/website\/2018\/02\/14\/fusione-ircc-papardo-in-campo-anche-la-cisl-consultino-i-sindacati\/","title":{"rendered":"Fusione Ircc-Papardo, in campo anche la Cisl. &quot;Consultino i sindacati&quot;"},"content":{"rendered":"<p>Anche la Cisl, dopo Uil-Fpl e Anaao-Assomed esprime perplessit\u00e0 sul disegno di legge che vorrebbe la fusione fra Irccs-Piemonte e Papardo.<br \/>\n\u00abQuello dell\u2019accorpamento tra Papardo e Piemonte \u00e8 ancora una ipotesi\u00bb. \u00c8 il commento lapidario di Gigi Caracausi, reggente della Cisl Funzione Pubblica di Messina e di Gianplacido De Luca, segretario generale della Cisl Medici Messina sul dibattito alimentato in citt\u00e0 dalla presentazione della proposta di legge per la fusione delle due strutture ospedaliere.<br \/>\n\u00abAbbiamo bisogno di capire dal Governo e dall\u2019Assessore regionale quali siano le reali intenzioni. Se il Governo ci dir\u00e0 che \u00e8 un\u2019ipotesi concreta faremo una consultazione con i lavoratori delle strutture interessate perch\u00e9 esprimano loro stessi una posizione. Quel che \u00e8 certo \u00e8 che non possono essere sempre i lavoratori a pagare decisioni che cambiano a stretto giro di posta. Ma per questo bisogna che il Governo regionale fughi qualsiasi dubbio sulle sue reali intenzioni per le due strutture messinesi. Solo dopo, con il quadro concreto e reale, si potranno fare delle serie valutazioni ed eventualmente presentare anche le nostre proposte\u00bb.<div id=\"div-gpt-ad-Messinaoggi.it-DSK-300x250-corpoart\" style=\"text-align:center;margin:0 auto;\"><\/div><\/p>\n<div id=\"videoincontent\" style=\"clear:both\";><\/div>","protected":false},"excerpt":{"rendered":"<p>Anche la Cisl, dopo Uil-Fpl e Anaao-Assomed esprime perplessit\u00e0 sul disegno di legge che vorrebbe la fusione fra Irccs-Piemonte e Papardo. \u00abQuello dell\u2019accorpamento tra Papardo e Piemonte \u00e8 ancora una ipotesi\u00bb. \u00c8 il commento lapidario di Gigi Caracausi, reggente della Cisl Funzione Pubblica di Messina e di Gianplacido De Luca, segretario generale della Cisl Medici [&hellip;]<\/p>\n","protected":false},"author":2,"featured_media":3290,"comment_status":"closed","ping_status":"open","sticky":false,"template":"","format":"standard","meta":{"ub_ctt_via":"","_mi_skip_tracking":false},"categories":[6],"tags":[],"featured_image_src":"https:\/\/www.messinaoggi.it\/website\/wp-content\/uploads\/2017\/06\/ospedale-Papardo-ambulanze-messinaoggi-quimessina-2.jpg","author_info":{"display_name":"Redazione","author_link":"https:\/\/www.messinaoggi.it\/website\/author\/redazione\/"},"digistream_id":0,"digistream":false,"_links":{"self":[{"href":"https:\/\/www.messinaoggi.it\/website\/wp-json\/wp\/v2\/posts\/15622"}],"collection":[{"href":"https:\/\/www.messinaoggi.it\/website\/wp-json\/wp\/v2\/posts"}],"about":[{"href":"https:\/\/www.messinaoggi.it\/website\/wp-json\/wp\/v2\/types\/post"}],"author":[{"embeddable":true,"href":"https:\/\/www.messinaoggi.it\/website\/wp-json\/wp\/v2\/users\/2"}],"replies":[{"embeddable":true,"href":"https:\/\/www.messinaoggi.it\/website\/wp-json\/wp\/v2\/comments?post=15622"}],"version-history":[{"count":0,"href":"https:\/\/www.messinaoggi.it\/website\/wp-json\/wp\/v2\/posts\/15622\/revisions"}],"wp:featuredmedia":[{"embeddable":true,"href":"https:\/\/www.messinaoggi.it\/website\/wp-json\/wp\/v2\/media\/3290"}],"wp:attachment":[{"href":"https:\/\/www.messinaoggi.it\/website\/wp-json\/wp\/v2\/media?parent=15622"}],"wp:term":[{"taxonomy":"category","embeddable":true,"href":"https:\/\/www.messinaoggi.it\/website\/wp-json\/wp\/v2\/categories?post=15622"},{"taxonomy":"post_tag","embeddable":true,"href":"https:\/\/www.messinaoggi.it\/website\/wp-json\/wp\/v2\/tags?post=15622"}],"curies":[{"name":"wp","href":"https:\/\/api.w.org\/{rel}","templated":true}]}}