{"id":15620,"date":"2018-02-13T21:46:41","date_gmt":"2018-02-13T20:46:41","guid":{"rendered":"http:\/\/www.messinaoggi.it\/website\/?p=15620"},"modified":"2018-02-13T21:46:41","modified_gmt":"2018-02-13T20:46:41","slug":"fusione-irccs-papardo-picciolo-il-rischio-e-lesubero-di-personale","status":"publish","type":"post","link":"https:\/\/www.messinaoggi.it\/website\/2018\/02\/13\/fusione-irccs-papardo-picciolo-il-rischio-e-lesubero-di-personale\/","title":{"rendered":"Fusione Irccs-Papardo, Picciolo: &quot;Il rischio \u00e8 l&#039;esubero di personale&quot;"},"content":{"rendered":"<p>Scambio epistolare attraverso Fb fra Luigi Genovese e Beppe Picciolo a proposito del disegno di legge sulla possibile fusione fra IRCCS-Piemonte e Papardo. Un percorso tortuoso che sta riscontrando posizioni contrarie da parte di alcune forze sindacali, su tutte Uil-Fpl e Anaao-Assomed. \u201cIntanto\u00a0complimenti\u00a0per l\u2019iniziativa, che denota grande interesse per il tuo territorio. Vorrei solo farti rilevare che ci sono spunti importanti nel tuo post, quali ad esempio l\u2019impossibilit\u00e0 nella riorganizzazione della Rete ospedaliera siciliana di fare assurgere il Papardo al ruolo di Hub, in quanto incompatibile con il DDL Balduzzi (e ci abbiamo provato nella scorsa legislatura pi\u00f9 volte ma invano); il fatto che la rete ospedaliera andr\u00e0 rivista dopo il triennio di prova, e quindi molte strutture che non dovessero superare positivamente la valutazione ministeriale verrebbero verosimilmente chiuse o accorpate, in primis i doppioni improduttivi.<br \/>\nDiscorso diverso per\u00f2 \u00e8 \u201cfasciarsi la testa\u201d prima di essersela rotta\u201d E\u2019 quanto scrive Beppe Picciolo, gi\u00e0 componente della Commissione Sanit\u00e0 all\u2019Ars e candidato al Senato con la lista del Pd.<br \/>\n\u201c\u00c8 giusta la tua valutazione che la Provincia di Messina sia penalizzata rispetto alla citt\u00e0 per il numero dei posti letto per acuti, ma dall\u2019accorpamento ahim\u00e8 non ne beneficerebbe certamente la provincia, che gi\u00e0 ha ottenuto due ospedali di zona disagiata (Mistretta e Lipari), in deroga al Balduzzi, e il mantenimento pressoch\u00e9 inalterato della sua \u201cossatura ospedaliera\u201d, che ad esempio nel caso degli Ospedali di Taormina e di Patti \u00e8 stata potenziata grazie alla creazione dei nodi della rete tempo-dipendenti allocati presso queste strutture.\u00a0 La fusione dei due ospedali, oggetto della tua proposta di decreto \u2013 scrive ancora Picciolo rivolgendosi a Genovese -, sarebbe oggi estremamente penalizzante per il personale medico e paramedico dei due ospedali, in quanto determinerebbe certamente esuberi da ricollocare; penalizzante per l\u2019organizzazione sanitaria cittadina che si auto-priverebbe di un numero non meglio precisato di strutture complesse e semplici, con tutto quello che le stesse si portano dietro (infermieri, medici e personale amministrativo).<br \/>\nCome hai visto non parlo dei pazienti, perch\u00e9 concordo con te che l\u2019offerta sanitaria non \u00e8 mai in funzione del numero dei reparti o del numero dei medici, ma in funzione della qualit\u00e0 della prestazioni erogate.<br \/>\nE allora, a mio avviso, sarebbe fondamentale che in questi due anni rimanenti si puntasse al potenziamento e all\u2019efficientamento dell\u2019esistente, cercando di rendere competitive entrambe le strutture che sono attualmente DEA di I livello e che hanno tutte le potenzialit\u00e0 logistiche, economiche e di eccellenza per poter diventare ulteriormente attrattive ed essere quindi perfettamente rispondenti ai requisiti previsti dal Balduzzi che ricordo a me, ma anche a te, che purtroppo, o per fortuna, sono uguali dal Brennero a Capo Passero! Quindi un sistema perequativo su base nazionale e del quale non ci possiamo lamentare!<br \/>\nL\u2019unica certezza di sopravvivenza secondo il Balduzzi, non del Papardo o del Piemonte, (che per fortuna hanno mission sanitarie totalmente differenti, e si sono potute salvare per questo motivo) ma di tutte le strutture sanitarie italiane, sta nella qualit\u00e0 delle prestazioni erogate. Lavora con diligenza per questo e avrai il mio appoggio incondizionato! Ma non offriamo il fianco ai nostri nemici di fuori provincia o di altre regioni\u201d. Conclude Beppe Picciolo.<br \/>\n <div id=\"div-gpt-ad-Messinaoggi.it-DSK-300x250-corpoart\" style=\"text-align:center;margin:0 auto;\"><\/div><\/p>\n<div id=\"videoincontent\" style=\"clear:both\";><\/div>","protected":false},"excerpt":{"rendered":"<p>Scambio epistolare attraverso Fb fra Luigi Genovese e Beppe Picciolo a proposito del disegno di legge sulla possibile fusione fra IRCCS-Piemonte e Papardo. Un percorso tortuoso che sta riscontrando posizioni contrarie da parte di alcune forze sindacali, su tutte Uil-Fpl e Anaao-Assomed. \u201cIntanto\u00a0complimenti\u00a0per l\u2019iniziativa, che denota grande interesse per il tuo territorio. Vorrei solo farti [&hellip;]<\/p>\n","protected":false},"author":2,"featured_media":8310,"comment_status":"closed","ping_status":"open","sticky":false,"template":"","format":"standard","meta":{"ub_ctt_via":"","_mi_skip_tracking":false},"categories":[6],"tags":[],"featured_image_src":"https:\/\/www.messinaoggi.it\/website\/wp-content\/uploads\/2017\/09\/picciolo-RRP_7623-2.jpg","author_info":{"display_name":"Redazione","author_link":"https:\/\/www.messinaoggi.it\/website\/author\/redazione\/"},"digistream_id":0,"digistream":false,"_links":{"self":[{"href":"https:\/\/www.messinaoggi.it\/website\/wp-json\/wp\/v2\/posts\/15620"}],"collection":[{"href":"https:\/\/www.messinaoggi.it\/website\/wp-json\/wp\/v2\/posts"}],"about":[{"href":"https:\/\/www.messinaoggi.it\/website\/wp-json\/wp\/v2\/types\/post"}],"author":[{"embeddable":true,"href":"https:\/\/www.messinaoggi.it\/website\/wp-json\/wp\/v2\/users\/2"}],"replies":[{"embeddable":true,"href":"https:\/\/www.messinaoggi.it\/website\/wp-json\/wp\/v2\/comments?post=15620"}],"version-history":[{"count":0,"href":"https:\/\/www.messinaoggi.it\/website\/wp-json\/wp\/v2\/posts\/15620\/revisions"}],"wp:featuredmedia":[{"embeddable":true,"href":"https:\/\/www.messinaoggi.it\/website\/wp-json\/wp\/v2\/media\/8310"}],"wp:attachment":[{"href":"https:\/\/www.messinaoggi.it\/website\/wp-json\/wp\/v2\/media?parent=15620"}],"wp:term":[{"taxonomy":"category","embeddable":true,"href":"https:\/\/www.messinaoggi.it\/website\/wp-json\/wp\/v2\/categories?post=15620"},{"taxonomy":"post_tag","embeddable":true,"href":"https:\/\/www.messinaoggi.it\/website\/wp-json\/wp\/v2\/tags?post=15620"}],"curies":[{"name":"wp","href":"https:\/\/api.w.org\/{rel}","templated":true}]}}