{"id":156140,"date":"2023-05-22T09:49:51","date_gmt":"2023-05-22T07:49:51","guid":{"rendered":"http:\/\/www.messinaoggi.it\/website\/?p=156140"},"modified":"2023-05-22T12:42:43","modified_gmt":"2023-05-22T10:42:43","slug":"ferrovie-arico-smetisce-salvini","status":"publish","type":"post","link":"https:\/\/www.messinaoggi.it\/website\/2023\/05\/22\/ferrovie-arico-smetisce-salvini\/","title":{"rendered":"Ferrovie: Aric\u00f2 smentisce Salvini"},"content":{"rendered":"\n<p>\u201cNon \u00e8 Alta Velocit\u00e0, ma questa non \u00e8 neanche Alta Capacit\u00e0. Non tutta la linea Palermo-Catania-Messina \u00e8 percorribile a 200 km\/h. Il governo regionale ha chiesto al ministro delle Infrastrutture, Matteo Salvini, di integrare il progetto affinch\u00e9 la Sicilia abbia almeno un\u2019intera Alta Capacit\u00e0 che aiuti i siciliani a uscire dall\u2019isolamento e a raggiungere il pi\u00f9 velocemente possibile il Ponte sullo Stretto e il resto d\u2019Italia\u201d. Lo ha detto l\u2019assessore regionale alle Infrastrutture, Alessandro Aric\u00f2, intervenendo presso la sede di Ance Sicilia ad un confronto con il dirigente generale del<br>Dipartimento regionale Tecnico, i capi dei Geni civili, i capi degli<br>uffici tecnici comunali, imprenditori e professionisti, sulla riforma<br>del Codice degli appalti.<br><br>\u201cAbbiamo accolto con favore la richiesta di Ance Sicilia al ministro<br>Raffaele Fitto \u2013 ha detto poi Aric\u00f2 &#8211; di assegnare alla Sicilia 10<br>miliardi per le infrastrutture strategiche. E\u2019, infatti, anche la<br>richiesta del governo regionale per completare il lavoro fin qui<br>realizzato con la Palermo-Catania-Messina e con la riesumazione del<br>Ponte sullo Stretto. Infatti, perch\u00e9 tutto ci\u00f2 abbia un senso, al Ponte<br>bisogna arrivarci velocemente e da tutta l\u2019Isola\u201d.<br><div id=\"div-gpt-ad-Messinaoggi.it-DSK-300x250-corpoart\" style=\"text-align:center;margin:0 auto;\"><\/div><\/p>\n<div id=\"videoincontent\" style=\"clear:both\";><\/div>","protected":false},"excerpt":{"rendered":"<p>\u201cNon \u00e8 Alta Velocit\u00e0, ma questa non \u00e8 neanche Alta Capacit\u00e0. Non tutta la linea Palermo-Catania-Messina \u00e8 percorribile a 200 km\/h. Il governo regionale ha chiesto al ministro delle Infrastrutture, Matteo Salvini, di integrare il progetto affinch\u00e9 la Sicilia abbia almeno un\u2019intera Alta Capacit\u00e0 che aiuti i siciliani a uscire dall\u2019isolamento e a raggiungere il [&hellip;]<\/p>\n","protected":false},"author":2,"featured_media":151963,"comment_status":"open","ping_status":"open","sticky":false,"template":"","format":"standard","meta":{"ub_ctt_via":"","_mi_skip_tracking":false},"categories":[19],"tags":[7896,7450,4115,1035],"featured_image_src":"https:\/\/www.messinaoggi.it\/website\/wp-content\/uploads\/2023\/04\/0-3-2.jpg","author_info":{"display_name":"Redazione","author_link":"https:\/\/www.messinaoggi.it\/website\/author\/redazione\/"},"digistream_id":0,"digistream":false,"_links":{"self":[{"href":"https:\/\/www.messinaoggi.it\/website\/wp-json\/wp\/v2\/posts\/156140"}],"collection":[{"href":"https:\/\/www.messinaoggi.it\/website\/wp-json\/wp\/v2\/posts"}],"about":[{"href":"https:\/\/www.messinaoggi.it\/website\/wp-json\/wp\/v2\/types\/post"}],"author":[{"embeddable":true,"href":"https:\/\/www.messinaoggi.it\/website\/wp-json\/wp\/v2\/users\/2"}],"replies":[{"embeddable":true,"href":"https:\/\/www.messinaoggi.it\/website\/wp-json\/wp\/v2\/comments?post=156140"}],"version-history":[{"count":3,"href":"https:\/\/www.messinaoggi.it\/website\/wp-json\/wp\/v2\/posts\/156140\/revisions"}],"predecessor-version":[{"id":156161,"href":"https:\/\/www.messinaoggi.it\/website\/wp-json\/wp\/v2\/posts\/156140\/revisions\/156161"}],"wp:featuredmedia":[{"embeddable":true,"href":"https:\/\/www.messinaoggi.it\/website\/wp-json\/wp\/v2\/media\/151963"}],"wp:attachment":[{"href":"https:\/\/www.messinaoggi.it\/website\/wp-json\/wp\/v2\/media?parent=156140"}],"wp:term":[{"taxonomy":"category","embeddable":true,"href":"https:\/\/www.messinaoggi.it\/website\/wp-json\/wp\/v2\/categories?post=156140"},{"taxonomy":"post_tag","embeddable":true,"href":"https:\/\/www.messinaoggi.it\/website\/wp-json\/wp\/v2\/tags?post=156140"}],"curies":[{"name":"wp","href":"https:\/\/api.w.org\/{rel}","templated":true}]}}