{"id":156080,"date":"2023-05-21T14:07:59","date_gmt":"2023-05-21T12:07:59","guid":{"rendered":"https:\/\/www.messinaoggi.it\/website\/2023\/05\/21\/salvini-ponte-sullo-stretto-creera-100-mila-posti-di-lavoro\/"},"modified":"2023-05-21T21:06:02","modified_gmt":"2023-05-21T19:06:02","slug":"salvini-ponte-sullo-stretto-creera-100-mila-posti-di-lavoro","status":"publish","type":"post","link":"https:\/\/www.messinaoggi.it\/website\/2023\/05\/21\/salvini-ponte-sullo-stretto-creera-100-mila-posti-di-lavoro\/","title":{"rendered":"Salvini \u201cPonte sullo Stretto, creer\u00e0 100 mila posti di lavoro\u201d"},"content":{"rendered":"<div>ROMA (ITALPRESS) &#8211; &#8220;Per me sar\u00e0 un orgoglio la settimana prossima che il Senato dopo sessant&#8217;anni di parole dia l&#8217;ok al decreto ponte: sar\u00e0 un esempio di bravura, di unit\u00e0, di visionariet\u00e0 e di concretezza e di lavoro, perch\u00e8 creer\u00e0 100 mila posti di lavoro veri in terre che hanno fame di lavoro&#8221;. Lo ha detto il ministro dei Trasporti, Matteo Salvini, nel suo intervento al primo congresso di Noi Moderati in corso a Roma.<div id=\"div-gpt-ad-Messinaoggi.it-DSK-300x250-corpoart\" style=\"text-align:center;margin:0 auto;\"><\/div><\/p>\n<p>Foto: agenziafotogramma.it<div id=\"videoincontent\" style=\"clear:both\";><\/div><\/p>\n<p>(ITALPRESS).<\/p><\/div>\n","protected":false},"excerpt":{"rendered":"<p>ROMA (ITALPRESS) &#8211; &#8220;Per me sar\u00e0 un orgoglio la settimana prossima che il Senato dopo sessant&#8217;anni di parole dia l&#8217;ok al decreto ponte: sar\u00e0 un esempio di bravura, di unit\u00e0, di visionariet\u00e0 e di concretezza e di lavoro, perch\u00e8 creer\u00e0 100 mila posti di lavoro veri in terre che hanno fame di lavoro&#8221;. Lo ha [&hellip;]<\/p>\n","protected":false},"author":18,"featured_media":156081,"comment_status":"closed","ping_status":"closed","sticky":false,"template":"","format":"standard","meta":{"ub_ctt_via":"","_mi_skip_tracking":false},"categories":[446,6],"tags":[783],"featured_image_src":"https:\/\/www.messinaoggi.it\/website\/wp-content\/uploads\/2023\/05\/20230521_0311.jpg","author_info":{"display_name":"Admin","author_link":"https:\/\/www.messinaoggi.it\/website\/author\/admin\/"},"digistream_id":0,"digistream":false,"_links":{"self":[{"href":"https:\/\/www.messinaoggi.it\/website\/wp-json\/wp\/v2\/posts\/156080"}],"collection":[{"href":"https:\/\/www.messinaoggi.it\/website\/wp-json\/wp\/v2\/posts"}],"about":[{"href":"https:\/\/www.messinaoggi.it\/website\/wp-json\/wp\/v2\/types\/post"}],"author":[{"embeddable":true,"href":"https:\/\/www.messinaoggi.it\/website\/wp-json\/wp\/v2\/users\/18"}],"replies":[{"embeddable":true,"href":"https:\/\/www.messinaoggi.it\/website\/wp-json\/wp\/v2\/comments?post=156080"}],"version-history":[{"count":1,"href":"https:\/\/www.messinaoggi.it\/website\/wp-json\/wp\/v2\/posts\/156080\/revisions"}],"predecessor-version":[{"id":156112,"href":"https:\/\/www.messinaoggi.it\/website\/wp-json\/wp\/v2\/posts\/156080\/revisions\/156112"}],"wp:featuredmedia":[{"embeddable":true,"href":"https:\/\/www.messinaoggi.it\/website\/wp-json\/wp\/v2\/media\/156081"}],"wp:attachment":[{"href":"https:\/\/www.messinaoggi.it\/website\/wp-json\/wp\/v2\/media?parent=156080"}],"wp:term":[{"taxonomy":"category","embeddable":true,"href":"https:\/\/www.messinaoggi.it\/website\/wp-json\/wp\/v2\/categories?post=156080"},{"taxonomy":"post_tag","embeddable":true,"href":"https:\/\/www.messinaoggi.it\/website\/wp-json\/wp\/v2\/tags?post=156080"}],"curies":[{"name":"wp","href":"https:\/\/api.w.org\/{rel}","templated":true}]}}