{"id":156062,"date":"2023-05-21T12:28:51","date_gmt":"2023-05-21T10:28:51","guid":{"rendered":"http:\/\/www.messinaoggi.it\/website\/?p=156062"},"modified":"2023-05-21T12:28:53","modified_gmt":"2023-05-21T10:28:53","slug":"trofeo-piskeo-saranno-1000-i-partecipanti","status":"publish","type":"post","link":"https:\/\/www.messinaoggi.it\/website\/2023\/05\/21\/trofeo-piskeo-saranno-1000-i-partecipanti\/","title":{"rendered":"&#8220;Trofeo Piskeo&#8221;, saranno 1000 i partecipanti"},"content":{"rendered":"\n<p>Il <em>\u201c17\u00b0 Trofeo Piskeo &#8211; Memorial Mirko Lagan\u00e0\u201d <\/em> vedr\u00e0 protagonisti oltre 1000 nuotatori. La manifestazione torner\u00e0 a svolgersi, inoltre, con il programma completo di tre giornate, da venerd\u00ec 26 a domenica 28 maggio. La piscina della Cittadella Sportiva Universitaria sar\u00e0 l\u2019ideale cornice dell\u2019evento sportivo, ideato e organizzato dall\u2019Asd Piskeo Team e dall\u2019associazione \u201cMirko Piskeo Onlus\u201d nel sempre vivo ricordo di Mirko Lagan\u00e0, con il patrocinio del Comune di Messina e l\u2019autorizzazione della FIN Sicilia. \u00a0\u00a0\u00a0\u00a0<div id=\"div-gpt-ad-Messinaoggi.it-DSK-300x250-corpoart\" style=\"text-align:center;margin:0 auto;\"><\/div><\/p>\n\n\n\n<p>I partecipanti, provenienti dall\u2019intera Isola, dalla Calabria e da altre regioni italiane, appartengono alle categorie Esordienti B e A, Ragazzi, Juniores e Unica (Cadetti e Seniores). Gli Esordienti B e A daranno il via agonistico, venerd\u00ec pomeriggio, con i 50 stile libero. Il momento pi\u00f9 atteso sar\u00e0 la gara \u201cPiskeo\u201d, cio\u00e8 i 50 metri dorso, dedicata a Mirko, che nella specialit\u00e0 \u00e8 stato campione regionale; ai vincitori, celebrati nell\u2019Albo d\u2019Oro del Trofeo, \u00e8 riservata una premiazione speciale. Andr\u00e0 seguita con particolare interesse anche la cosiddetta \u201cAustraliana\u201d, riservata agli artefici dei migliori otto tempi nei 100 stile.<div id=\"videoincontent\" style=\"clear:both\";><\/div><\/p>\n\n\n\n<p><em>\u201cStiamo lavorando con il massimo impegno per curare tutti i particolari della manifestazione<\/em> &#8211; dichiara Grazia Lagan\u00e0, presidentessa del comitato organizzatore -. <em>L\u2019obiettivo principale \u00e8 lanciare messaggi positivi ai numerosi giovani che saranno presenti. Tornare al format delle tre giornate ci riempie di gioia, perch\u00e9 permetter\u00e0 di vivere a pieno le emozioni del \u201cTrofeo Piskeo\u201d, dopo le tante problematiche legate alla pandemia\u201d.<\/em><\/p>\n","protected":false},"excerpt":{"rendered":"<p>Il \u201c17\u00b0 Trofeo Piskeo &#8211; Memorial Mirko Lagan\u00e0\u201d vedr\u00e0 protagonisti oltre 1000 nuotatori. La manifestazione torner\u00e0 a svolgersi, inoltre, con il programma completo di tre giornate, da venerd\u00ec 26 a domenica 28 maggio. La piscina della Cittadella Sportiva Universitaria sar\u00e0 l\u2019ideale cornice dell\u2019evento sportivo, ideato e organizzato dall\u2019Asd Piskeo Team e dall\u2019associazione \u201cMirko Piskeo Onlus\u201d [&hellip;]<\/p>\n","protected":false},"author":2,"featured_media":156063,"comment_status":"open","ping_status":"open","sticky":false,"template":"","format":"standard","meta":{"ub_ctt_via":"","_mi_skip_tracking":false},"categories":[8,9],"tags":[120,7891],"featured_image_src":"https:\/\/www.messinaoggi.it\/website\/wp-content\/uploads\/2023\/05\/Apertura-PISKEO-di-una-precedente-edizione.jpg","author_info":{"display_name":"Redazione","author_link":"https:\/\/www.messinaoggi.it\/website\/author\/redazione\/"},"digistream_id":0,"digistream":false,"_links":{"self":[{"href":"https:\/\/www.messinaoggi.it\/website\/wp-json\/wp\/v2\/posts\/156062"}],"collection":[{"href":"https:\/\/www.messinaoggi.it\/website\/wp-json\/wp\/v2\/posts"}],"about":[{"href":"https:\/\/www.messinaoggi.it\/website\/wp-json\/wp\/v2\/types\/post"}],"author":[{"embeddable":true,"href":"https:\/\/www.messinaoggi.it\/website\/wp-json\/wp\/v2\/users\/2"}],"replies":[{"embeddable":true,"href":"https:\/\/www.messinaoggi.it\/website\/wp-json\/wp\/v2\/comments?post=156062"}],"version-history":[{"count":1,"href":"https:\/\/www.messinaoggi.it\/website\/wp-json\/wp\/v2\/posts\/156062\/revisions"}],"predecessor-version":[{"id":156064,"href":"https:\/\/www.messinaoggi.it\/website\/wp-json\/wp\/v2\/posts\/156062\/revisions\/156064"}],"wp:featuredmedia":[{"embeddable":true,"href":"https:\/\/www.messinaoggi.it\/website\/wp-json\/wp\/v2\/media\/156063"}],"wp:attachment":[{"href":"https:\/\/www.messinaoggi.it\/website\/wp-json\/wp\/v2\/media?parent=156062"}],"wp:term":[{"taxonomy":"category","embeddable":true,"href":"https:\/\/www.messinaoggi.it\/website\/wp-json\/wp\/v2\/categories?post=156062"},{"taxonomy":"post_tag","embeddable":true,"href":"https:\/\/www.messinaoggi.it\/website\/wp-json\/wp\/v2\/tags?post=156062"}],"curies":[{"name":"wp","href":"https:\/\/api.w.org\/{rel}","templated":true}]}}