{"id":15606,"date":"2018-02-13T16:10:59","date_gmt":"2018-02-13T15:10:59","guid":{"rendered":"http:\/\/www.messinaoggi.it\/website\/?p=15606"},"modified":"2018-02-13T16:10:59","modified_gmt":"2018-02-13T15:10:59","slug":"patto-per-la-falce-de-simone-lo-rispetteremo-stiamo-ultimando-la-vas","status":"publish","type":"post","link":"https:\/\/www.messinaoggi.it\/website\/2018\/02\/13\/patto-per-la-falce-de-simone-lo-rispetteremo-stiamo-ultimando-la-vas\/","title":{"rendered":"Patto per la Falce, De Simone: &quot;Lo rispetteremo. Stiamo ultimando la Vas&quot;"},"content":{"rendered":"<p style=\"text-align: justify;\">Le carte del per il Patto per la Falce sono bloccate a Palermo, mentre a Messina si lavora per cercare di far andare l\u2019iter di un progetto che sembrava ormai caduto nel dimenticatoio. Un vero e proprio do ut des tra Comune e Autorit\u00e0 Portuale, visto che Palazzo Zanca ha rinunciato ai contenziosi sulle aree per realizzare un imponente spazio verde e ridonare un\u2019area alla citt\u00e0 che per troppi anni \u00e8 stata abbandonata al degrado pi\u00f9 assoluto. A mettere tutti attorno ad un tavolo fu l\u2019Universit\u00e0, salvo poi dar vita ad uno scontro istituzionale con l\u2019amministrazione per la location su cui doveva avvenire la cerimonia per le firme.<div id=\"div-gpt-ad-Messinaoggi.it-DSK-300x250-corpoart\" style=\"text-align:center;margin:0 auto;\"><\/div><\/p>\n<p style=\"text-align: justify;\">Dopo 24 mesi la situazione per\u00f2 sembra essersi arenata, dalla Regione attendono risposte circa la Valutazione Ambientale Strategica. Il commissario dell\u2019Autorit\u00e0 Portuale, Antonino De Simone, ha fatto un punto della situazione: <em>\u201cNoi rispetteremo il Patto per la Falce, su questo non vi \u00e8 dubbio \u2013 ha dichiarato oggi in IV commissione \u2013 domani ci sar\u00e0 un\u2019altra riunione in Regione, ci stiamo muovendo per la Vas ma il problema adesso \u00e8 la Marina Militare. Loro sostengono che noi non dovremmo programmare nulla in quelle aree di loro competenza, comunque quelle sono zone di propriet\u00e0 dello Stato, chi ha fatto certi accordi lo ha fatto reputando che la Marina non fosse pi\u00f9 impegnata in quel territorio. Esiste una clausola nel Piano Regolatore del Porto che afferma che la programmazione sar\u00e0 attuata solo dopo che la Marina cesser\u00e0 il proprio compito\u201d.<\/em> Sulla possibilit\u00e0 di modificare nel prossimo futuro il contenuto del Patto, De Simone \u00e8 categorico: \u201c<em>Non credo che si possano apporre modifiche, qualsiasi variazione comporterebbe la riapertura di tutto l\u2019iter. E\u2019 importante avere uno strumento approvato\u201d.<\/em><div id=\"videoincontent\" style=\"clear:both\";><\/div><\/p>\n<p style=\"text-align: justify;\">Soddisfatto l\u2019assessore ai Lavori Pubblici, Sergio De Cola: <em>\u201cRisponderemo a tutte le osservazioni avanzate dalla Regione, la procedura di Vas sar\u00e0 cos\u00ec chiusa e poi passeremo all\u2019analisi del Piano Regolatore del Porto. Siamo contenti di ridonare alla citt\u00e0 un\u2019area che pu\u00f2 essere portatrice di sviluppo, ma soprattutto di senso di civilt\u00e0\u201d.<\/em><\/p>\n","protected":false},"excerpt":{"rendered":"<p>Le carte del per il Patto per la Falce sono bloccate a Palermo, mentre a Messina si lavora per cercare di far andare l\u2019iter di un progetto che sembrava ormai caduto nel dimenticatoio. Un vero e proprio do ut des tra Comune e Autorit\u00e0 Portuale, visto che Palazzo Zanca ha rinunciato ai contenziosi sulle aree [&hellip;]<\/p>\n","protected":false},"author":2,"featured_media":15607,"comment_status":"closed","ping_status":"open","sticky":false,"template":"","format":"standard","meta":{"ub_ctt_via":"","_mi_skip_tracking":false},"categories":[6],"tags":[],"featured_image_src":"https:\/\/www.messinaoggi.it\/website\/wp-content\/uploads\/2018\/02\/de-simone-commissione-1.jpg","author_info":{"display_name":"Redazione","author_link":"https:\/\/www.messinaoggi.it\/website\/author\/redazione\/"},"digistream_id":0,"digistream":false,"_links":{"self":[{"href":"https:\/\/www.messinaoggi.it\/website\/wp-json\/wp\/v2\/posts\/15606"}],"collection":[{"href":"https:\/\/www.messinaoggi.it\/website\/wp-json\/wp\/v2\/posts"}],"about":[{"href":"https:\/\/www.messinaoggi.it\/website\/wp-json\/wp\/v2\/types\/post"}],"author":[{"embeddable":true,"href":"https:\/\/www.messinaoggi.it\/website\/wp-json\/wp\/v2\/users\/2"}],"replies":[{"embeddable":true,"href":"https:\/\/www.messinaoggi.it\/website\/wp-json\/wp\/v2\/comments?post=15606"}],"version-history":[{"count":0,"href":"https:\/\/www.messinaoggi.it\/website\/wp-json\/wp\/v2\/posts\/15606\/revisions"}],"wp:featuredmedia":[{"embeddable":true,"href":"https:\/\/www.messinaoggi.it\/website\/wp-json\/wp\/v2\/media\/15607"}],"wp:attachment":[{"href":"https:\/\/www.messinaoggi.it\/website\/wp-json\/wp\/v2\/media?parent=15606"}],"wp:term":[{"taxonomy":"category","embeddable":true,"href":"https:\/\/www.messinaoggi.it\/website\/wp-json\/wp\/v2\/categories?post=15606"},{"taxonomy":"post_tag","embeddable":true,"href":"https:\/\/www.messinaoggi.it\/website\/wp-json\/wp\/v2\/tags?post=15606"}],"curies":[{"name":"wp","href":"https:\/\/api.w.org\/{rel}","templated":true}]}}