{"id":155676,"date":"2023-05-18T13:37:58","date_gmt":"2023-05-18T11:37:58","guid":{"rendered":"http:\/\/www.messinaoggi.it\/website\/?p=155676"},"modified":"2023-05-18T13:39:59","modified_gmt":"2023-05-18T11:39:59","slug":"acr-messina-sciotto-consegna-al-sindaco-la-societa","status":"publish","type":"post","link":"https:\/\/www.messinaoggi.it\/website\/2023\/05\/18\/acr-messina-sciotto-consegna-al-sindaco-la-societa\/","title":{"rendered":"Acr Messina: Sciotto consegna al Sindaco la societ\u00e0"},"content":{"rendered":"\n<p>Il Presidente <strong>Pietro Sciotto<\/strong> lascia l&#8217;Acr Messina e consegna al Sindaco la societ\u00e0. Almeno \u00e8 questo ci\u00f2 <a href=\"https:\/\/www.facebook.com\/messinaoggi\/videos\/151943351184477\" data-type=\"URL\" data-id=\"https:\/\/www.facebook.com\/messinaoggi\/videos\/151943351184477\">che riferisce oggi alla stampa dalla sede della sua nota concessionaria.<\/a><div id=\"div-gpt-ad-Messinaoggi.it-DSK-300x250-corpoart\" style=\"text-align:center;margin:0 auto;\"><\/div><\/p>\n\n\n\n<p>Un film gi\u00e0 visto, come alla fine dello scorso anno,<strong> <a href=\"https:\/\/www.messinaoggi.it\/website\/2023\/05\/13\/il-messina-e-salvo-grazie-al-messinese-ragusa\/?fbclid=IwAR3kmOhNj0qfEQPyC0eB8v4Ljv_zT8ee_J9qVGLlfDfd-29ZpHwjecwSosw\" data-type=\"URL\" data-id=\"https:\/\/www.messinaoggi.it\/website\/2023\/05\/13\/il-messina-e-salvo-grazie-al-messinese-ragusa\/?fbclid=IwAR3kmOhNj0qfEQPyC0eB8v4Ljv_zT8ee_J9qVGLlfDfd-29ZpHwjecwSosw\">dopo la salvezza.<\/a><\/strong><a href=\"https:\/\/www.messinaoggi.it\/website\/2023\/05\/13\/il-messina-e-salvo-grazie-al-messinese-ragusa\/?fbclid=IwAR3kmOhNj0qfEQPyC0eB8v4Ljv_zT8ee_J9qVGLlfDfd-29ZpHwjecwSosw\" data-type=\"URL\" data-id=\"https:\/\/www.messinaoggi.it\/website\/2023\/05\/13\/il-messina-e-salvo-grazie-al-messinese-ragusa\/?fbclid=IwAR3kmOhNj0qfEQPyC0eB8v4Ljv_zT8ee_J9qVGLlfDfd-29ZpHwjecwSosw\"> <\/a>Dice di essere stanco e di non avere pi\u00f9 le energie per continuare a guidarlo.<div id=\"videoincontent\" style=\"clear:both\";><\/div><\/p>\n\n\n\n<p>\u201cOggi \u00e8 un giorno triste perch\u00e9 va via qualcosa di bello della mia vita, a cui tenevo tantissimo. Non volevo succedesse, ma a volte nella vita certi passaggi sono necessari. A Gennaio avevo deciso di investire qualunque cifra pur di salvare il Messina, ma che comunque me ne sarei andato se ci\u00f2 fosse riuscito. Oggi il Messina \u00e8 in vendita e sono felice di quello che ho fatto. Ricordo il 2017, quando fall\u00ec il Messina, tante parole da parte di tutti, ma solo Pietro Sciotto ha fatto i fatti ed iscritto il Messina alla Serie D. Non solo questo, ma ho portato il Messina in Serie C. Speravo di fare di pi\u00f9, non sono riuscito, ma sono nella storia del Messina\u201d. Queste sono le parole d\u2019esordio del patron biancoscudato, <a href=\"https:\/\/www.facebook.com\/messinaoggi\/videos\/605778454667863\" data-type=\"URL\" data-id=\"https:\/\/www.facebook.com\/messinaoggi\/videos\/605778454667863\">che poi ha risposto alle domande dei giornalisti.<\/a><\/p>\n\n\n\n<p>Non lascia a chiunque tuttavia. Sciotto cerca acquirenti seri, disposti a investire davvero nel Messina. Spiega che, quando parlava nel Maggio 2022 di vendere la societ\u00e0 a un euro, era &#8220;una provocazione. Se non sei disposto a spendere per acquisire la societ\u00e0, non investirai nel Messina&#8221;.<\/p>\n\n\n\n<p>Il Presidente vuole che ci siano acquirenti disposti a rilevare il Messina non per un ritorno economico, ma per amore e attaccamento al club. \u201cServe un tifoso come me\u201d rimarca.<\/p>\n\n\n\n<p>Si pu\u00f2 ritenere che queste dichiarazioni lascino spiragli futuri affinch\u00e9 ancora possa rimanere lui in sella alla propriet\u00e0. Come la volta scorsa, che in assenza di acquirenti da lui ritenuti validi \u00e8 tornato sui suoi passi. La differenza con il passato \u00e8 che il Presidente Sciotto stavolta consegna simbolicamente al Sindaco <strong>Federico Basile<\/strong> (che incontrer\u00e0 oggi), e quindi alla Citt\u00e0, la societ\u00e0 Acr Messina. Stavolta \u00e8 veramente convinto a passare la mano?<\/p>\n\n\n\n<p>Intanto ammette che una trattativa c\u2019\u00e8. Un imprenditore ha mostrato il suo interesse per il club biancoscudato, ma il Presidente non dice di pi\u00f9 perch\u00e9 c\u2019\u00e8 un \u201cpatto di riservatezza\u201d con questa persona. Nei giorni precedenti al playout salvezza si era parlato di un imprenditore romano del ramo cinematografico e qualcuno aveva lanciato anche dei nomi. Ma nessuno ci aveva mai messo la faccia.<\/p>\n\n\n\n<figure class=\"wp-block-image size-large\"><img loading=\"lazy\" width=\"595\" height=\"860\" src=\"http:\/\/www.messinaoggi.it\/website\/wp-content\/uploads\/2023\/05\/Sciotto-consegna-1.png\" alt=\"\" class=\"wp-image-155681\" srcset=\"https:\/\/www.messinaoggi.it\/website\/wp-content\/uploads\/2023\/05\/Sciotto-consegna-1.png 595w, https:\/\/www.messinaoggi.it\/website\/wp-content\/uploads\/2023\/05\/Sciotto-consegna-1-208x300.png 208w\" sizes=\"(max-width: 595px) 100vw, 595px\" \/><figcaption>Il Presidente Pietro Sciotto durante le interviste.<\/figcaption><\/figure>\n\n\n\n<p>Adesso la preoccupazione \u00e8 per le prossime scadenze che la FIGC pone ai club che vogliono iscriversi alla Serie C. E ci sono scadenze economiche, come il deposito della fideiussione. Il rischio \u00e8 dover vedere un\u2019altra corsa contro il tempo per assicurarsi che il Messina possa disputare il prossimo campionato della terza categoria professionistica.<\/p>\n\n\n\n<p>Nel frattempo, \u00e8 uscito fuori anche il nodo giocatori. Pezzi importanti della squadra come <strong>Oliver Kragl <\/strong>e<strong> Ibourahima Balde<\/strong> hanno pubblicato dei post di saluti sui social dopo la salvezza conquistata, che fanno pensare a degli addii. Poi ci sono i giocatori, come <strong>Leonardo Perez,<\/strong> in prestito da altre societ\u00e0, di cui bisogna riflettere se trattare il rinnovo.<\/p>\n\n\n\n<p>Una situazione ingarbugliata e per nulla idilliaca quella che i tifosi peloritani hanno davanti. Tutti speravano che ci fosse chiarezza sul futuro e che si prospettasse una conferma in blocco, o quasi, del Mister <strong>Ezio Raciti<\/strong> e dei protagonisti della salvezza, in particolare gli acquisti di livello fatti a Gennaio.<\/p>\n\n\n\n<p>Invece si prospetta un\u2019estate frenetica e al cardiopalma.<\/p>\n\n\n\n<p><strong>Michele Bruno.<\/strong><\/p>\n","protected":false},"excerpt":{"rendered":"<p>Il Presidente Pietro Sciotto lascia l&#8217;Acr Messina e consegna al Sindaco la societ\u00e0. Almeno \u00e8 questo ci\u00f2 che riferisce oggi alla stampa dalla sede della sua nota concessionaria. Un film gi\u00e0 visto, come alla fine dello scorso anno, dopo la salvezza. Dice di essere stanco e di non avere pi\u00f9 le energie per continuare a [&hellip;]<\/p>\n","protected":false},"author":123457,"featured_media":155682,"comment_status":"open","ping_status":"open","sticky":false,"template":"","format":"standard","meta":{"ub_ctt_via":"","_mi_skip_tracking":false},"categories":[1],"tags":[24,6810,6807,6806,99],"featured_image_src":"https:\/\/www.messinaoggi.it\/website\/wp-content\/uploads\/2023\/05\/Sciotto-consegna-2.png","author_info":{"display_name":"Michele Bruno","author_link":"https:\/\/www.messinaoggi.it\/website\/author\/michele-bruno\/"},"digistream_id":0,"digistream":false,"_links":{"self":[{"href":"https:\/\/www.messinaoggi.it\/website\/wp-json\/wp\/v2\/posts\/155676"}],"collection":[{"href":"https:\/\/www.messinaoggi.it\/website\/wp-json\/wp\/v2\/posts"}],"about":[{"href":"https:\/\/www.messinaoggi.it\/website\/wp-json\/wp\/v2\/types\/post"}],"author":[{"embeddable":true,"href":"https:\/\/www.messinaoggi.it\/website\/wp-json\/wp\/v2\/users\/123457"}],"replies":[{"embeddable":true,"href":"https:\/\/www.messinaoggi.it\/website\/wp-json\/wp\/v2\/comments?post=155676"}],"version-history":[{"count":2,"href":"https:\/\/www.messinaoggi.it\/website\/wp-json\/wp\/v2\/posts\/155676\/revisions"}],"predecessor-version":[{"id":155684,"href":"https:\/\/www.messinaoggi.it\/website\/wp-json\/wp\/v2\/posts\/155676\/revisions\/155684"}],"wp:featuredmedia":[{"embeddable":true,"href":"https:\/\/www.messinaoggi.it\/website\/wp-json\/wp\/v2\/media\/155682"}],"wp:attachment":[{"href":"https:\/\/www.messinaoggi.it\/website\/wp-json\/wp\/v2\/media?parent=155676"}],"wp:term":[{"taxonomy":"category","embeddable":true,"href":"https:\/\/www.messinaoggi.it\/website\/wp-json\/wp\/v2\/categories?post=155676"},{"taxonomy":"post_tag","embeddable":true,"href":"https:\/\/www.messinaoggi.it\/website\/wp-json\/wp\/v2\/tags?post=155676"}],"curies":[{"name":"wp","href":"https:\/\/api.w.org\/{rel}","templated":true}]}}