{"id":155591,"date":"2023-05-17T19:03:22","date_gmt":"2023-05-17T17:03:22","guid":{"rendered":"http:\/\/www.messinaoggi.it\/website\/?p=155591"},"modified":"2023-05-17T19:03:23","modified_gmt":"2023-05-17T17:03:23","slug":"decreto-ponte-germana-lavoriamo-per-accelerare-liter-al-senato","status":"publish","type":"post","link":"https:\/\/www.messinaoggi.it\/website\/2023\/05\/17\/decreto-ponte-germana-lavoriamo-per-accelerare-liter-al-senato\/","title":{"rendered":"Decreto Ponte, German\u00e0: &#8220;Lavoriamo per accelerare l&#8217;iter al Senato&#8221;"},"content":{"rendered":"\n<p>Parte l&#8217;iter al Senato per accelerare l&#8217;approvazione senza modifiche della legge sul Ponte sullo Stretto. Dopo che la Camera ha dato la fiducia al governo per approvare il testo di legge, la palla adesso passa al Senato. Al riguardo, Nino German\u00e0, vicepresidente del Gruppo Lega al Senato nonch\u00e9 relatore del decreto Ponte, \u00e8 stato appena incardinato in commissione Lavori pubblici a Palazzo Madama.<div id=\"div-gpt-ad-Messinaoggi.it-DSK-300x250-corpoart\" style=\"text-align:center;margin:0 auto;\"><\/div><\/p>\n\n\n\n<p>\u201cAl via, in commissione Lavori pubblici al Senato, l\u2019iter per il dl Ponte. &#8211; dichiara German\u00e0 &#8211; Un\u2019opera strategica per la Sicilia, la Calabria e tutto il Mezzogiorno, un collegamento stabile con il resto del Paese. Grazie alla concretezza del vicepremier e ministro delle Infrastrutture e dei Trasporti Matteo Salvini, si passa finalmente dalla politica del \u2018No\u2019 a quella dei fatti. Adesso, al lavoro per accelerare e favorire mobilit\u00e0, turismo ed economia all\u2019Italia\u201d.<div id=\"videoincontent\" style=\"clear:both\";><\/div><\/p>\n","protected":false},"excerpt":{"rendered":"<p>Parte l&#8217;iter al Senato per accelerare l&#8217;approvazione senza modifiche della legge sul Ponte sullo Stretto. Dopo che la Camera ha dato la fiducia al governo per approvare il testo di legge, la palla adesso passa al Senato. Al riguardo, Nino German\u00e0, vicepresidente del Gruppo Lega al Senato nonch\u00e9 relatore del decreto Ponte, \u00e8 stato appena [&hellip;]<\/p>\n","protected":false},"author":8,"featured_media":129959,"comment_status":"open","ping_status":"open","sticky":false,"template":"","format":"standard","meta":{"ub_ctt_via":"","_mi_skip_tracking":false},"categories":[7567],"tags":[1082,630,3298],"featured_image_src":"https:\/\/www.messinaoggi.it\/website\/wp-content\/uploads\/2022\/11\/WhatsApp-Image-2022-11-15-at-12.13.32-1-e1668534847640.jpg","author_info":{"display_name":"red..me","author_link":"https:\/\/www.messinaoggi.it\/website\/author\/redstage\/"},"digistream_id":0,"digistream":false,"_links":{"self":[{"href":"https:\/\/www.messinaoggi.it\/website\/wp-json\/wp\/v2\/posts\/155591"}],"collection":[{"href":"https:\/\/www.messinaoggi.it\/website\/wp-json\/wp\/v2\/posts"}],"about":[{"href":"https:\/\/www.messinaoggi.it\/website\/wp-json\/wp\/v2\/types\/post"}],"author":[{"embeddable":true,"href":"https:\/\/www.messinaoggi.it\/website\/wp-json\/wp\/v2\/users\/8"}],"replies":[{"embeddable":true,"href":"https:\/\/www.messinaoggi.it\/website\/wp-json\/wp\/v2\/comments?post=155591"}],"version-history":[{"count":1,"href":"https:\/\/www.messinaoggi.it\/website\/wp-json\/wp\/v2\/posts\/155591\/revisions"}],"predecessor-version":[{"id":155594,"href":"https:\/\/www.messinaoggi.it\/website\/wp-json\/wp\/v2\/posts\/155591\/revisions\/155594"}],"wp:featuredmedia":[{"embeddable":true,"href":"https:\/\/www.messinaoggi.it\/website\/wp-json\/wp\/v2\/media\/129959"}],"wp:attachment":[{"href":"https:\/\/www.messinaoggi.it\/website\/wp-json\/wp\/v2\/media?parent=155591"}],"wp:term":[{"taxonomy":"category","embeddable":true,"href":"https:\/\/www.messinaoggi.it\/website\/wp-json\/wp\/v2\/categories?post=155591"},{"taxonomy":"post_tag","embeddable":true,"href":"https:\/\/www.messinaoggi.it\/website\/wp-json\/wp\/v2\/tags?post=155591"}],"curies":[{"name":"wp","href":"https:\/\/api.w.org\/{rel}","templated":true}]}}