{"id":155496,"date":"2023-05-17T14:09:54","date_gmt":"2023-05-17T12:09:54","guid":{"rendered":"http:\/\/www.messinaoggi.it\/website\/?p=155496"},"modified":"2023-05-17T14:10:00","modified_gmt":"2023-05-17T12:10:00","slug":"mobilita-senza-barriere-ragazzi-disabili-a-cristo-re","status":"publish","type":"post","link":"https:\/\/www.messinaoggi.it\/website\/2023\/05\/17\/mobilita-senza-barriere-ragazzi-disabili-a-cristo-re\/","title":{"rendered":"Mobilit\u00e0 senza barriere, ragazzi disabili a Cristo Re"},"content":{"rendered":"\n<p>Si \u00e8 svolto questa mattina su un autobus della linea 21 dell\u2019ATM un nuovo appuntamento del progetto <em>Mobilit\u00e0 senza barriere<\/em> per favorire l\u2019uso dei mezzi pubblici, senza alcuna limitazione, alle persone diversamente abili. Protagonisti sono stati i ragazzi speciali dell\u2019Associazione Meter &amp; Miles di Messina presieduta da <strong>Saro Visicaro.<\/strong><div id=\"div-gpt-ad-Messinaoggi.it-DSK-300x250-corpoart\" style=\"text-align:center;margin:0 auto;\"><\/div><\/p>\n\n\n\n<figure class=\"wp-block-image size-large\"><img loading=\"lazy\" width=\"768\" height=\"1024\" src=\"http:\/\/www.messinaoggi.it\/website\/wp-content\/uploads\/2023\/05\/Mobilita-senza-barriere-2.jpeg\" alt=\"\" class=\"wp-image-155501\" srcset=\"https:\/\/www.messinaoggi.it\/website\/wp-content\/uploads\/2023\/05\/Mobilita-senza-barriere-2.jpeg 768w, https:\/\/www.messinaoggi.it\/website\/wp-content\/uploads\/2023\/05\/Mobilita-senza-barriere-2-225x300.jpeg 225w\" sizes=\"(max-width: 768px) 100vw, 768px\" \/><\/figure>\n\n\n\n<p><em>Mobilit\u00e0 senza barriere<\/em> \u00e8 un progetto ideato e realizzato dall\u2019Associazione Ferrovie Siciliane di Messina, presieduta da Giovanni Russo, che in questo nuovo incontro con la collaborazione dell\u2019Azienda Trasporti Messina ha permesso &#8220;ai nostri amici, in totale autonomia, di effettuare un viaggio (andata e ritorno) su un autobus in normale servizio per raggiungere e visitare il Tempio di Cristo Re e la Torre medievale, sul viale Principe Umberto, partendo dal Terminal Cavallotti. L\u2019obiettivo del progetto \u00e8 scardinare i pregiudizi avvalorando che la mobilit\u00e0 \u00e8 per tutti&#8221; spiega lo stesso <strong>Giovanni Russo.<\/strong><div id=\"videoincontent\" style=\"clear:both\";><\/div><\/p>\n\n\n\n<figure class=\"wp-block-image size-large\"><img loading=\"lazy\" width=\"768\" height=\"1024\" src=\"http:\/\/www.messinaoggi.it\/website\/wp-content\/uploads\/2023\/05\/Mobilita-senza-barriere-5.jpeg\" alt=\"\" class=\"wp-image-155498\" srcset=\"https:\/\/www.messinaoggi.it\/website\/wp-content\/uploads\/2023\/05\/Mobilita-senza-barriere-5.jpeg 768w, https:\/\/www.messinaoggi.it\/website\/wp-content\/uploads\/2023\/05\/Mobilita-senza-barriere-5-225x300.jpeg 225w\" sizes=\"(max-width: 768px) 100vw, 768px\" \/><\/figure>\n\n\n\n<p>&#8220;L\u2019Associazione Ferrovie Siciliane desidera ringraziare Giuseppe Campagna, presidente dell\u2019Azienda Trasporti Messina, Nino Femin\u00f2, presidente dell\u2019Associazione Roccaguelfonia Cristo Re, e quanti, anche dietro le quinte, hanno sostenuto l\u2019iniziativa e condiviso le motivazioni&#8221; conclude Russo. <\/p>\n\n\n\n<figure class=\"wp-block-image size-large\"><img loading=\"lazy\" width=\"768\" height=\"1024\" src=\"http:\/\/www.messinaoggi.it\/website\/wp-content\/uploads\/2023\/05\/Mobilita-senza-barriere-3.jpeg\" alt=\"\" class=\"wp-image-155500\" srcset=\"https:\/\/www.messinaoggi.it\/website\/wp-content\/uploads\/2023\/05\/Mobilita-senza-barriere-3.jpeg 768w, https:\/\/www.messinaoggi.it\/website\/wp-content\/uploads\/2023\/05\/Mobilita-senza-barriere-3-225x300.jpeg 225w\" sizes=\"(max-width: 768px) 100vw, 768px\" \/><\/figure>\n\n\n\n<figure class=\"wp-block-image size-large\"><img loading=\"lazy\" width=\"768\" height=\"1024\" src=\"http:\/\/www.messinaoggi.it\/website\/wp-content\/uploads\/2023\/05\/Mobilita-senza-barriere-4.jpeg\" alt=\"\" class=\"wp-image-155499\" srcset=\"https:\/\/www.messinaoggi.it\/website\/wp-content\/uploads\/2023\/05\/Mobilita-senza-barriere-4.jpeg 768w, https:\/\/www.messinaoggi.it\/website\/wp-content\/uploads\/2023\/05\/Mobilita-senza-barriere-4-225x300.jpeg 225w\" sizes=\"(max-width: 768px) 100vw, 768px\" \/><\/figure>\n","protected":false},"excerpt":{"rendered":"<p>Si \u00e8 svolto questa mattina su un autobus della linea 21 dell\u2019ATM un nuovo appuntamento del progetto Mobilit\u00e0 senza barriere per favorire l\u2019uso dei mezzi pubblici, senza alcuna limitazione, alle persone diversamente abili. Protagonisti sono stati i ragazzi speciali dell\u2019Associazione Meter &amp; Miles di Messina presieduta da Saro Visicaro. Mobilit\u00e0 senza barriere \u00e8 un progetto [&hellip;]<\/p>\n","protected":false},"author":15,"featured_media":155497,"comment_status":"open","ping_status":"open","sticky":false,"template":"","format":"standard","meta":{"ub_ctt_via":"","_mi_skip_tracking":false},"categories":[5],"tags":[5159,2014,2395,7865],"featured_image_src":"https:\/\/www.messinaoggi.it\/website\/wp-content\/uploads\/2023\/05\/Mobilita-senza-barriere.jpeg","author_info":{"display_name":"red.me","author_link":"https:\/\/www.messinaoggi.it\/website\/author\/red-me\/"},"digistream_id":0,"digistream":false,"_links":{"self":[{"href":"https:\/\/www.messinaoggi.it\/website\/wp-json\/wp\/v2\/posts\/155496"}],"collection":[{"href":"https:\/\/www.messinaoggi.it\/website\/wp-json\/wp\/v2\/posts"}],"about":[{"href":"https:\/\/www.messinaoggi.it\/website\/wp-json\/wp\/v2\/types\/post"}],"author":[{"embeddable":true,"href":"https:\/\/www.messinaoggi.it\/website\/wp-json\/wp\/v2\/users\/15"}],"replies":[{"embeddable":true,"href":"https:\/\/www.messinaoggi.it\/website\/wp-json\/wp\/v2\/comments?post=155496"}],"version-history":[{"count":1,"href":"https:\/\/www.messinaoggi.it\/website\/wp-json\/wp\/v2\/posts\/155496\/revisions"}],"predecessor-version":[{"id":155510,"href":"https:\/\/www.messinaoggi.it\/website\/wp-json\/wp\/v2\/posts\/155496\/revisions\/155510"}],"wp:featuredmedia":[{"embeddable":true,"href":"https:\/\/www.messinaoggi.it\/website\/wp-json\/wp\/v2\/media\/155497"}],"wp:attachment":[{"href":"https:\/\/www.messinaoggi.it\/website\/wp-json\/wp\/v2\/media?parent=155496"}],"wp:term":[{"taxonomy":"category","embeddable":true,"href":"https:\/\/www.messinaoggi.it\/website\/wp-json\/wp\/v2\/categories?post=155496"},{"taxonomy":"post_tag","embeddable":true,"href":"https:\/\/www.messinaoggi.it\/website\/wp-json\/wp\/v2\/tags?post=155496"}],"curies":[{"name":"wp","href":"https:\/\/api.w.org\/{rel}","templated":true}]}}