{"id":155455,"date":"2023-05-17T10:07:52","date_gmt":"2023-05-17T08:07:52","guid":{"rendered":"https:\/\/www.messinaoggi.it\/website\/2023\/05\/17\/mattarella-omofobia-insopportabile-piaga-sociale\/"},"modified":"2023-05-17T11:47:31","modified_gmt":"2023-05-17T09:47:31","slug":"mattarella-omofobia-insopportabile-piaga-sociale","status":"publish","type":"post","link":"https:\/\/www.messinaoggi.it\/website\/2023\/05\/17\/mattarella-omofobia-insopportabile-piaga-sociale\/","title":{"rendered":"Mattarella \u201cOmofobia insopportabile piaga sociale\u201d"},"content":{"rendered":"<div>ROMA (ITALPRESS) &#8211; &#8220;Omofobia, bifobia e transfobia costituiscono un&#8217;insopportabile piaga sociale ancora presente e causa di inaccettabili discriminazioni e violenze, in alcune aree del mondo persino legittimate da norme che calpestano i diritti della persona. Dal 2007, quando venne istituita dal Parlamento Europeo la Giornata internazionale contro l&#8217;omofobia e la transfobia, la sensibilit\u00e0 della coscienza collettiva verso questi temi si \u00e8 accentuata. L&#8217;azione di contrasto ai numerosi episodi di violenza che la cronaca continua a registrare non pu\u00f2 cessare&#8221;. <br \/>Cos\u00ec il presidente della Repubblica, Sergio Mattarella, in occasione della Giornata internazionale contro l&#8217;omofobia, la transfobia e la bifobia. &#8220;Contro le manifestazioni di intolleranza, dettate dal misconoscimento del valore di ogni persona, deve venire una risposta di condanna unanime&#8221;, aggiunge il capo dello Stato. &#8220;E&#8217; compito delle istituzioni elaborare efficaci strategie di prevenzione che educhino al rispetto della diversit\u00e0 e dell&#8217;altro, all&#8217;inclusione. Gli abusi, le violenze, l&#8217;intolleranza, calpestano la Carta dei Diritti fondamentali dell&#8217;Unione europea e la nostra Costituzione che proprio nell&#8217;articolo 3 riconosce pari dignit\u00e0 sociale, senza distinzione di sesso, di tutti i cittadini, garantendo il pieno sviluppo della persona umana&#8221; conclude Mattarella.<br \/>(ITALPRESS).<br \/>-foto Quirinale-<\/div>\n<div id=\"div-gpt-ad-Messinaoggi.it-DSK-300x250-corpoart\" style=\"text-align:center;margin:0 auto;\"><\/div><\/p><div id=\"videoincontent\" style=\"clear:both\";><\/div>","protected":false},"excerpt":{"rendered":"<p>ROMA (ITALPRESS) &#8211; &#8220;Omofobia, bifobia e transfobia costituiscono un&#8217;insopportabile piaga sociale ancora presente e causa di inaccettabili discriminazioni e violenze, in alcune aree del mondo persino legittimate da norme che calpestano i diritti della persona. Dal 2007, quando venne istituita dal Parlamento Europeo la Giornata internazionale contro l&#8217;omofobia e la transfobia, la sensibilit\u00e0 della coscienza [&hellip;]<\/p>\n","protected":false},"author":18,"featured_media":155456,"comment_status":"closed","ping_status":"closed","sticky":false,"template":"","format":"standard","meta":{"ub_ctt_via":"","_mi_skip_tracking":false},"categories":[446,6],"tags":[783],"featured_image_src":"https:\/\/www.messinaoggi.it\/website\/wp-content\/uploads\/2023\/05\/20230517_0130.jpg","author_info":{"display_name":"Admin","author_link":"https:\/\/www.messinaoggi.it\/website\/author\/admin\/"},"digistream_id":0,"digistream":false,"_links":{"self":[{"href":"https:\/\/www.messinaoggi.it\/website\/wp-json\/wp\/v2\/posts\/155455"}],"collection":[{"href":"https:\/\/www.messinaoggi.it\/website\/wp-json\/wp\/v2\/posts"}],"about":[{"href":"https:\/\/www.messinaoggi.it\/website\/wp-json\/wp\/v2\/types\/post"}],"author":[{"embeddable":true,"href":"https:\/\/www.messinaoggi.it\/website\/wp-json\/wp\/v2\/users\/18"}],"replies":[{"embeddable":true,"href":"https:\/\/www.messinaoggi.it\/website\/wp-json\/wp\/v2\/comments?post=155455"}],"version-history":[{"count":1,"href":"https:\/\/www.messinaoggi.it\/website\/wp-json\/wp\/v2\/posts\/155455\/revisions"}],"predecessor-version":[{"id":155469,"href":"https:\/\/www.messinaoggi.it\/website\/wp-json\/wp\/v2\/posts\/155455\/revisions\/155469"}],"wp:featuredmedia":[{"embeddable":true,"href":"https:\/\/www.messinaoggi.it\/website\/wp-json\/wp\/v2\/media\/155456"}],"wp:attachment":[{"href":"https:\/\/www.messinaoggi.it\/website\/wp-json\/wp\/v2\/media?parent=155455"}],"wp:term":[{"taxonomy":"category","embeddable":true,"href":"https:\/\/www.messinaoggi.it\/website\/wp-json\/wp\/v2\/categories?post=155455"},{"taxonomy":"post_tag","embeddable":true,"href":"https:\/\/www.messinaoggi.it\/website\/wp-json\/wp\/v2\/tags?post=155455"}],"curies":[{"name":"wp","href":"https:\/\/api.w.org\/{rel}","templated":true}]}}