{"id":15540,"date":"2018-02-12T13:41:48","date_gmt":"2018-02-12T12:41:48","guid":{"rendered":"http:\/\/www.messinaoggi.it\/website\/?p=15540"},"modified":"2018-02-12T13:41:48","modified_gmt":"2018-02-12T12:41:48","slug":"salvacolline-non-mettete-pietra-tombale-sul-ponte-germana-scrive-ai-consiglieri","status":"publish","type":"post","link":"https:\/\/www.messinaoggi.it\/website\/2018\/02\/12\/salvacolline-non-mettete-pietra-tombale-sul-ponte-germana-scrive-ai-consiglieri\/","title":{"rendered":"Salvacolline, &#039;Non mettete pietra tombale sul Ponte&#039;: German\u00e0 scrive ai consiglieri"},"content":{"rendered":"<p>\u201c<span style=\"font-family: Arial, sans-serif\"><span style=\"font-size: medium\"><em>A tre mesi dalle elezioni non consentiremo a nessuno di mettere i lucchetti ad operazioni sul territorio che non sono state condivise<\/em>\u201d. Cos\u00ec tuona l&#8217;ex deputato regionale <strong>Nino German\u00e0<\/strong> in riferimento alla cosiddetta <span style=\"color: #000000\">Variante \u201cSalvacolline\u201d, sulla quale il Consiglio comunale nei prossimi giorni sar\u00e0 chiamato a deliberare. In tal senso, German\u00e0 ha deciso di indirizzare una lettera aperta ai consiglieri comunali affinch\u00e9 scongiurino l&#8217;approvazione di \u201c<em>una Variante al Prg che mette la pietra tombale sul Ponte<\/em>\u201d. Di seguito riportiamo il testo della missiva:<\/span><\/span><\/span><br \/>\n<span style=\"color: #000000\">&#8220;<span style=\"font-family: Arial, sans-serif\"><span style=\"font-size: medium\"><em>Il sindaco Accorinti e l\u2019assessore De Cola vogliono far passare per un sassolino quello che invece \u00e8 il macigno che demolisce il Ponte sullo Stretto. La posizione di quest\u2019amministrazione \u00e8 nota ed Accorinti \u00e8 tra quanti hanno tenuto in ostaggio Messina privandola dell\u2019unica opera che porter\u00e0 sviluppo e occupazione. Adesso vogliono spacciare un elefante per topolino, costringendo i consiglieri comunali ad approvare una Variante al Prg che mette la pietra tombale sul Ponte. <\/em><\/span><\/span><\/span><br \/>\n<span style=\"font-family: Arial, sans-serif\"><span style=\"font-size: medium\">&#8220;<em>Dopo aver tenuto secretate le tavole per un anno, sperando che nessuno si accorgesse dei loro reali obiettivi, adesso fanno fretta ai consiglieri comunali, sostenendo che la Variante \u00e8 \u201cparziale\u201d ed interessa una piccola parte del territorio.<\/em> <\/span><\/span><span style=\"font-family: Arial, sans-serif\"><span style=\"font-size: medium\"><em>Altro che parziale, in quel tratto c\u2019\u00e8 il futuro di intere generazioni. Imporre l\u2019assoluto divieto sui terreni della zona Q, definendo il Ponte sullo Stretto addirittura come un Orcaferone, scomodando i miti e le leggende, \u00e8 da arroganti oltre che da amministratori poco attenti a quel che i cittadini vogliono. <\/em><\/span><\/span><br \/>\n<span style=\"font-family: Arial, sans-serif\"><span style=\"font-size: medium\">&#8220;<em>Un\u2019amministrazione giunta a fine mandato non pu\u00f2 imporre una sua personale visione del mondo e della citt\u00e0 a tutti i messinesi. <strong>Il Salvacolline salver\u00e0 pure le aree collinari dall\u2019edificazione ma in compenso distrugge il Ponte<\/strong>. <\/em><\/span><\/span><span style=\"font-family: Arial, sans-serif\"><span style=\"font-size: medium\"><em>E\u2019 inaccettabile che dopo aver fatto di tutto per ostacolare un sereno esame delle tavole adesso l\u2019assessore arrivi persino a chiedere l\u2019invio di un commissario<\/em>.<\/span><\/span><br \/>\n<span style=\"font-family: Arial, sans-serif\"><span style=\"font-size: medium\">&#8220;<em><b>Il mio appello ai consiglieri comunali<\/b><strong> chiamati nei prossimi giorni ad esprimere un voto cos\u00ec importante \u00e8 a dire no ad un\u2019operazione che mette a repentaglio il futuro dei nostri figli.<\/strong><\/em><\/span><\/span><br \/>\n<span style=\"font-family: Arial, sans-serif\"><span style=\"font-size: medium\">&#8220;<em>Invito quindi tutti i consiglieri a non cedere alle pressioni della fretta e a condividere con la citt\u00e0 gli atti e le decisioni che questa amministrazione vuol invece imporre. <strong>Chiediamo che all\u2019Aula sia dato tutto il tempo per esaminare, modificare, integrare senza indebite pressioni.<\/strong> L\u2019ingegnere De Cola, che da stimato professionista di uno studio di famiglia avviato, ben conosce l\u2019importanza degli strumenti urbanistici, non pu\u00f2 fingere di non sapere che Salvacolline e Piau non sono due cose separate, che il Salvacolline non \u00e8 una \u201cpiccola variante\u201d, che i divieti della zona Q mettono a serio repentaglio la realizzazione del Ponte e non solo.<\/em><\/span><\/span><br \/>\n<span style=\"font-family: Arial, sans-serif\"><span style=\"font-size: medium\"><span style=\"color: #000000\">&#8220;<em>Se per lui il Ponte \u00e8 un\u2019Orcaferone per noi \u00e8 Tritone che aiuta i marinai a ritrovare la giusta rotta\u2026<\/em>&#8220;<\/span><\/span><\/span><div id=\"div-gpt-ad-Messinaoggi.it-DSK-300x250-corpoart\" style=\"text-align:center;margin:0 auto;\"><\/div><\/p>\n<div id=\"videoincontent\" style=\"clear:both\";><\/div>","protected":false},"excerpt":{"rendered":"<p>\u201cA tre mesi dalle elezioni non consentiremo a nessuno di mettere i lucchetti ad operazioni sul territorio che non sono state condivise\u201d. Cos\u00ec tuona l&#8217;ex deputato regionale Nino German\u00e0 in riferimento alla cosiddetta Variante \u201cSalvacolline\u201d, sulla quale il Consiglio comunale nei prossimi giorni sar\u00e0 chiamato a deliberare. In tal senso, German\u00e0 ha deciso di indirizzare [&hellip;]<\/p>\n","protected":false},"author":8,"featured_media":3318,"comment_status":"closed","ping_status":"open","sticky":false,"template":"","format":"standard","meta":{"ub_ctt_via":"","_mi_skip_tracking":false},"categories":[6],"tags":[],"featured_image_src":"https:\/\/www.messinaoggi.it\/website\/wp-content\/uploads\/2017\/06\/Nino-Germana-5.jpg","author_info":{"display_name":"red..me","author_link":"https:\/\/www.messinaoggi.it\/website\/author\/redstage\/"},"digistream_id":0,"digistream":false,"_links":{"self":[{"href":"https:\/\/www.messinaoggi.it\/website\/wp-json\/wp\/v2\/posts\/15540"}],"collection":[{"href":"https:\/\/www.messinaoggi.it\/website\/wp-json\/wp\/v2\/posts"}],"about":[{"href":"https:\/\/www.messinaoggi.it\/website\/wp-json\/wp\/v2\/types\/post"}],"author":[{"embeddable":true,"href":"https:\/\/www.messinaoggi.it\/website\/wp-json\/wp\/v2\/users\/8"}],"replies":[{"embeddable":true,"href":"https:\/\/www.messinaoggi.it\/website\/wp-json\/wp\/v2\/comments?post=15540"}],"version-history":[{"count":0,"href":"https:\/\/www.messinaoggi.it\/website\/wp-json\/wp\/v2\/posts\/15540\/revisions"}],"wp:featuredmedia":[{"embeddable":true,"href":"https:\/\/www.messinaoggi.it\/website\/wp-json\/wp\/v2\/media\/3318"}],"wp:attachment":[{"href":"https:\/\/www.messinaoggi.it\/website\/wp-json\/wp\/v2\/media?parent=15540"}],"wp:term":[{"taxonomy":"category","embeddable":true,"href":"https:\/\/www.messinaoggi.it\/website\/wp-json\/wp\/v2\/categories?post=15540"},{"taxonomy":"post_tag","embeddable":true,"href":"https:\/\/www.messinaoggi.it\/website\/wp-json\/wp\/v2\/tags?post=15540"}],"curies":[{"name":"wp","href":"https:\/\/api.w.org\/{rel}","templated":true}]}}