{"id":155340,"date":"2023-05-16T14:08:42","date_gmt":"2023-05-16T12:08:42","guid":{"rendered":"http:\/\/www.messinaoggi.it\/website\/?p=155340"},"modified":"2023-05-16T15:39:15","modified_gmt":"2023-05-16T13:39:15","slug":"micalizzi-team-scaletta-rendiamo-lustro-a-scaletta","status":"publish","type":"post","link":"https:\/\/www.messinaoggi.it\/website\/2023\/05\/16\/micalizzi-team-scaletta-rendiamo-lustro-a-scaletta\/","title":{"rendered":"Micalizzi (Team Scaletta): &#8220;Rendiamo lustro a Scaletta&#8221;"},"content":{"rendered":"\n<p><strong>Team Scaletta<\/strong> rende ancora lustro al Comune di Scaletta e alla Provincia di Messina, permanendo nella seconda serie nazionale, ed unendosi agli ottimi risultati raggiunti da molte societ\u00e0 del settore sportivo messinese in questa annata.<div id=\"div-gpt-ad-Messinaoggi.it-DSK-300x250-corpoart\" style=\"text-align:center;margin:0 auto;\"><\/div><\/p>\n\n\n\n<p>Il club ionico si \u00e8 salvato con due giornate di anticipo quest&#8217;anno, ed \u00e8 rimasto in serie A2 di Futsal Femminile Calcio a 5, battendo per 1 a 4 in trasferta il New Team Noci e chiudendo al nono posto nel Girone D. Adesso, dopo l&#8217;ultima partita della stagione contro Cormar Segato Women, \u00e8 il momento di fare un bilancio della stagione e di programmare la prossima, che si prospetta altrettanto impegnativa. <div id=\"videoincontent\" style=\"clear:both\";><\/div><\/p>\n\n\n\n<p><strong>Abbiamo intervistato il Vicepresidente della societ\u00e0 scalettese, Salvatore Micalizzi.<\/strong><\/p>\n\n\n\n<p><strong>Partiamo dalla stagione, un&#8217;annata un po&#8217; sulle giostre. Dodici punti nel girone di andata ed una salvezza che sembrava blindata, poi vi siete complicati un po&#8217; la vita da soli.<\/strong><\/p>\n\n\n\n<p><br>&#8220;All&#8217;inizio la vittoria con il Lamezia ci aveva forse mandato troppo sulle nuvole, poi invece il cammino \u00e8 stato pi\u00f9 tortuoso, con qualche scivolone pesante come la sconfitta casalinga contro Noci. Il girone di andata \u00e8 stato sicuramente ottimo, poi abbiamo abbassato la tensione perdendo partite per noi fondamentali come quella contro Reggio, che poteva aprirci il baratro, facendoci dubitare anche sul conservare la categoria. A Noci le ragazze hanno offerto una grandissima prova, conquistando meritatamente la salvezza&#8221;.<br><br><strong>Una squadra quest&#8217;anno per la prima volta rinnovata, ben 5 nuovi innesti con ragazze tutte esordienti che per\u00f2 hanno ben figurato<\/strong>.<br><br>&#8220;Sono stati cinque innesti molto validi, ci dispiace tantissimo per Marguccio e Montilla che nel loro miglior momento hanno avuto un bruttissimo infortunio al crociato che ci ha privati di loro per il finale di stagione. De Gaetano e Musumeci sono state decisive in zona goal toccando entrambe la doppia cifra, Marchetta ha un grandissimo talento e sono sicuro che potr\u00e0 crescere ancora tanto con noi&#8221;.<br><br><strong>A livello societario invece quest&#8217;anno avete festeggiato i 18 anni di et\u00e0 e l&#8217;anno prossimo entrerete nella ventesima stagione. Qual \u00e8 il segreto di una tale longevit\u00e0?<\/strong><br><br>&#8220;Il segreto \u00e8 che questa non \u00e8 una societ\u00e0 ma una famiglia, remiamo tutti verso un unico obiettivo e siamo tutti compatti. Siamo persone per bene che mettono al primo posto la squadra e il benessere di tutti prima che quello personale&#8221;.<br><br><strong>Sul piano della guida tecnica invece grande rapporto con mister Ivana Cernuto, \u00e8 stato anche un segnale di unit\u00e0 quello di non averla mai messa in discussione ed alla fine l&#8217;avete vinta voi.<\/strong><br><br>&#8220;Ivana non \u00e8 mai stata in discussione, \u00e8 un allenatore capace e ben preparato in grado di superare ogni ostacolo. Non avevamo dubbi che lei ci avrebbe condotto dove meritiamo e non ne avremo mai&#8221;.<br><br><strong>Sul piano dirigenziale Micalizzi \u00e8 una delle poche figure maschili in societ\u00e0 e da tanto tempo. Nella sua visione, come sta crescendo l&#8217;ambiente del calcio femminile?<\/strong><\/p>\n\n\n\n<p><br>&#8220;Noi facciamo una disciplina che \u00e8 quella del Calcio a 5, che sta crescendo molto. Uno dei nostri punti di riferimento \u00e8 il Bitonto, societ\u00e0 di calcio a 5 femminile salita in Serie A Elite da due anni e vincitrice quest&#8217;anno della Coppa Italia e che adesso lotta per il campionato. Nelle finali di Coppa Italia \u00e8 stata supportata da una cornice di oltre duemila persone e questo la dice lunga su come sta crescendo il movimento&#8221;.<br><br><strong>Un legame saldo con il territorio di Scaletta, \u00e8 anche questo sicuramente uno dei motivi del vostro successo, sentite dietro un forte senso di appartenenza.<\/strong><br><br>&#8220;Portiamo il nome di Scaletta in giro per l&#8217;Italia meridionale e in tutta la Sicilia. Dobbiamo ringraziare sempre le istituzioni di Scaletta che ci sono da sempre molto vicine sostenendoci, insieme ai nostri partner che ci aiutano sempre ad affrontare una stagione cos\u00ec complicata come quella della A2. Nell&#8217;ultima partita c&#8217;\u00e8 stata una gran bella cornice di pubblico, avere dei supporter come loro ci rende orgogliosi e ci stimola a dare sempre il massimo&#8221;.<\/p>\n","protected":false},"excerpt":{"rendered":"<p>Team Scaletta rende ancora lustro al Comune di Scaletta e alla Provincia di Messina, permanendo nella seconda serie nazionale, ed unendosi agli ottimi risultati raggiunti da molte societ\u00e0 del settore sportivo messinese in questa annata. Il club ionico si \u00e8 salvato con due giornate di anticipo quest&#8217;anno, ed \u00e8 rimasto in serie A2 di Futsal [&hellip;]<\/p>\n","protected":false},"author":123457,"featured_media":155347,"comment_status":"open","ping_status":"open","sticky":false,"template":"","format":"standard","meta":{"ub_ctt_via":"","_mi_skip_tracking":false},"categories":[10,9],"tags":[244,6294,5400],"featured_image_src":"https:\/\/www.messinaoggi.it\/website\/wp-content\/uploads\/2023\/05\/Micalizzi-Team-Scaletta.jpeg","author_info":{"display_name":"Michele Bruno","author_link":"https:\/\/www.messinaoggi.it\/website\/author\/michele-bruno\/"},"digistream_id":0,"digistream":false,"_links":{"self":[{"href":"https:\/\/www.messinaoggi.it\/website\/wp-json\/wp\/v2\/posts\/155340"}],"collection":[{"href":"https:\/\/www.messinaoggi.it\/website\/wp-json\/wp\/v2\/posts"}],"about":[{"href":"https:\/\/www.messinaoggi.it\/website\/wp-json\/wp\/v2\/types\/post"}],"author":[{"embeddable":true,"href":"https:\/\/www.messinaoggi.it\/website\/wp-json\/wp\/v2\/users\/123457"}],"replies":[{"embeddable":true,"href":"https:\/\/www.messinaoggi.it\/website\/wp-json\/wp\/v2\/comments?post=155340"}],"version-history":[{"count":4,"href":"https:\/\/www.messinaoggi.it\/website\/wp-json\/wp\/v2\/posts\/155340\/revisions"}],"predecessor-version":[{"id":155383,"href":"https:\/\/www.messinaoggi.it\/website\/wp-json\/wp\/v2\/posts\/155340\/revisions\/155383"}],"wp:featuredmedia":[{"embeddable":true,"href":"https:\/\/www.messinaoggi.it\/website\/wp-json\/wp\/v2\/media\/155347"}],"wp:attachment":[{"href":"https:\/\/www.messinaoggi.it\/website\/wp-json\/wp\/v2\/media?parent=155340"}],"wp:term":[{"taxonomy":"category","embeddable":true,"href":"https:\/\/www.messinaoggi.it\/website\/wp-json\/wp\/v2\/categories?post=155340"},{"taxonomy":"post_tag","embeddable":true,"href":"https:\/\/www.messinaoggi.it\/website\/wp-json\/wp\/v2\/tags?post=155340"}],"curies":[{"name":"wp","href":"https:\/\/api.w.org\/{rel}","templated":true}]}}