{"id":15531,"date":"2018-02-12T11:36:39","date_gmt":"2018-02-12T10:36:39","guid":{"rendered":"http:\/\/www.messinaoggi.it\/website\/?p=15531"},"modified":"2018-02-12T11:36:39","modified_gmt":"2018-02-12T10:36:39","slug":"resto-al-sud-domani-presentazione-del-nuovo-incentivo-per-gli-aspiranti-imprenditori","status":"publish","type":"post","link":"https:\/\/www.messinaoggi.it\/website\/2018\/02\/12\/resto-al-sud-domani-presentazione-del-nuovo-incentivo-per-gli-aspiranti-imprenditori\/","title":{"rendered":"Resto al Sud, domani presentazione del nuovo incentivo per gli aspiranti imprenditori"},"content":{"rendered":"<p align=\"JUSTIFY\">\u201c<span style=\"font-family: Calibri, sans-serif\">Aprire una nuova impresa e restare nella propria realt\u00e0 per valorizzare le proprie competenze e le enormi opportunit\u00e0 offerte dai nostri territori \u00e8 un\u2019occasione irripetibile<\/span><span style=\"font-family: Calibri, sans-serif\">\u201d. Cos\u00ec il presidente della Camera di Commercio, Ivo Blandina, annunciando l&#8217;incontro che si terr\u00e0 domani dalle 9 e 30 presso l&#8217;Ente camerale nel quale verr\u00e0 presentato \u201cResto al Sud\u201d, il nuovo incentivo per giovani aspiranti imprenditori promosso dal ministro per la Coesione territoriale e il Mezzogiorno, gestito da Invitalia con una dotazione finanziaria di 1.250 milioni di euro. <\/span><div id=\"div-gpt-ad-Messinaoggi.it-DSK-300x250-corpoart\" style=\"text-align:center;margin:0 auto;\"><\/div><\/p>\n<p align=\"JUSTIFY\"><span style=\"font-family: Calibri, sans-serif\">All\u2019incontro prenderanno parte Blandina; il direttore generale dell\u2019Agenzia nazionale per i giovani, Giacomo D\u2019Arrigo; il sindaco, Renato Accorinti; l\u2019assessore regionale al Turismo, sport e spettacolo, Sandro Pappalardo; e il responsabile dell\u2019area Promozione sviluppo nuove iniziative della Banca del Mezzogiorno, Guglielmo Belardi. Relazioneranno, Gian Marco Verachi di Invitalia e Giacomo D\u2019Arrigo. Moderatrice dei lavori, la giornalista Manuela Modica. <\/span><div id=\"videoincontent\" style=\"clear:both\";><\/div><\/p>\n<p align=\"JUSTIFY\">\u201c<span style=\"font-family: Calibri, sans-serif\">Resto al Sud \u2013 prosegue Blandina \u2013 \u00e8 uno strumento straordinario per incoraggiare l\u2019imprenditorialit\u00e0 e per far crescere il tessuto economico e produttivo della nostra terra\u201d.\u00a0<\/span><\/p>\n<p align=\"JUSTIFY\"><span style=\"font-family: Calibri, sans-serif\">&#8220;Un&#8217;importante occasione di crescita e di sviluppo per il Mezzogiorno attraverso la valorizzazione delle nuove generazioni &#8211; dichiara Giacomo D&#8217;Arrigo, direttore generale Ang \u2013 e, al tempo stesso, un\u2019occasione per presentare il programma \u201cErasmus+\u201d come strumento che favorisce l\u2019autoimprenditorialit\u00e0 giovanile e l\u2019acquisizione di competenze spendibili sul mercato del lavoro&#8221;.<\/span><\/p>\n<p align=\"JUSTIFY\"><span style=\"font-family: Calibri, sans-serif\">L\u2019incontro, promosso da Invitalia in sinergia con la Regione, e organizzato in collaborazione con l\u2019Agenzia nazionale per i giovani e la Camera di commercio, si concluder\u00e0 con l\u2019intervento di Giuseppe Coco, coordinatore degli esperti del ministro per la Coesione.\u00a0<\/span><\/p>\n","protected":false},"excerpt":{"rendered":"<p>\u201cAprire una nuova impresa e restare nella propria realt\u00e0 per valorizzare le proprie competenze e le enormi opportunit\u00e0 offerte dai nostri territori \u00e8 un\u2019occasione irripetibile\u201d. Cos\u00ec il presidente della Camera di Commercio, Ivo Blandina, annunciando l&#8217;incontro che si terr\u00e0 domani dalle 9 e 30 presso l&#8217;Ente camerale nel quale verr\u00e0 presentato \u201cResto al Sud\u201d, il [&hellip;]<\/p>\n","protected":false},"author":8,"featured_media":15532,"comment_status":"closed","ping_status":"open","sticky":false,"template":"","format":"standard","meta":{"ub_ctt_via":"","_mi_skip_tracking":false},"categories":[5],"tags":[],"featured_image_src":"https:\/\/www.messinaoggi.it\/website\/wp-content\/uploads\/2018\/02\/imprenditore-1.jpg","author_info":{"display_name":"red..me","author_link":"https:\/\/www.messinaoggi.it\/website\/author\/redstage\/"},"digistream_id":0,"digistream":false,"_links":{"self":[{"href":"https:\/\/www.messinaoggi.it\/website\/wp-json\/wp\/v2\/posts\/15531"}],"collection":[{"href":"https:\/\/www.messinaoggi.it\/website\/wp-json\/wp\/v2\/posts"}],"about":[{"href":"https:\/\/www.messinaoggi.it\/website\/wp-json\/wp\/v2\/types\/post"}],"author":[{"embeddable":true,"href":"https:\/\/www.messinaoggi.it\/website\/wp-json\/wp\/v2\/users\/8"}],"replies":[{"embeddable":true,"href":"https:\/\/www.messinaoggi.it\/website\/wp-json\/wp\/v2\/comments?post=15531"}],"version-history":[{"count":0,"href":"https:\/\/www.messinaoggi.it\/website\/wp-json\/wp\/v2\/posts\/15531\/revisions"}],"wp:featuredmedia":[{"embeddable":true,"href":"https:\/\/www.messinaoggi.it\/website\/wp-json\/wp\/v2\/media\/15532"}],"wp:attachment":[{"href":"https:\/\/www.messinaoggi.it\/website\/wp-json\/wp\/v2\/media?parent=15531"}],"wp:term":[{"taxonomy":"category","embeddable":true,"href":"https:\/\/www.messinaoggi.it\/website\/wp-json\/wp\/v2\/categories?post=15531"},{"taxonomy":"post_tag","embeddable":true,"href":"https:\/\/www.messinaoggi.it\/website\/wp-json\/wp\/v2\/tags?post=15531"}],"curies":[{"name":"wp","href":"https:\/\/api.w.org\/{rel}","templated":true}]}}