{"id":15530,"date":"2018-02-12T10:59:47","date_gmt":"2018-02-12T09:59:47","guid":{"rendered":"http:\/\/www.messinaoggi.it\/website\/?p=15530"},"modified":"2018-02-12T10:59:47","modified_gmt":"2018-02-12T09:59:47","slug":"detenuto-si-suicida-in-cella-secondo-caso-in-un-mese-a-barcellona","status":"publish","type":"post","link":"https:\/\/www.messinaoggi.it\/website\/2018\/02\/12\/detenuto-si-suicida-in-cella-secondo-caso-in-un-mese-a-barcellona\/","title":{"rendered":"Detenuto si suicida in cella, secondo caso in un mese a Barcellona"},"content":{"rendered":"<p>Un detenuto italiano di 30 anni si \u00e8 tolto la vita nel carcere di Barcellona. Lo rendono noto Vito Fazio e Lillo Navarra, rispettivamente segretario locale e nazionale per la Sicilia del Sappe, Sindacato autonomo polizia penitenziaria.<br \/>\n&#8220;E&#8217; il secondo suicidio di un detenuto del carcere di Barcellona Pozzo di Gotto in un mese &#8211; sottolineano i due sindacalisti -. Dopo il grave evento luttuoso dello scorso 16 gennaio, registriamo il suicidio in cella di un detenuto. L&#8217;agente di polizia penitenziaria di servizio si \u00e8 accorto dell&#8217;accaduto e ha dato l&#8217;allarme. Purtroppo sono stati vani i tentativi di soccorso per rianimarlo, anche con l&#8217;ausilio di altri colleghi e dello staff infermieristico.<br \/>\nIl suicidio &#8211; aggiungono &#8211; \u00e8 spesso la causa pi\u00f9 comune di morte nelle carceri. Gli istituti penitenziari hanno l&#8217;obbligo di preservare la salute e la sicurezza dei detenuti, l&#8217;Italia \u00e8 certamente all&#8217;avanguardia per quanto concerne la normativa finalizzata a prevenire questi gravi eventi critici. Ma il suicidio di un detenuto rappresenta un forte agente stressogeno per il personale di polizia e per gli altri detenuti&#8221;.<br \/>\n&#8220;La situazione nelle carceri della Sicilia, dove oggi sono detenute circa 6.400 persone rispetto ai circa 6.000 posti letto \u00e8 allarmante &#8211; denuncia il segretario generale Sappe, Donato Capece -.I numeri riferiti agli eventi critici avvenuti nelle celle delle carceri siciliane nell&#8217;interno anno 2017 sono inquietanti: 620 atti di autolesionismo, 119 tentati suicidi, 664 colluttazioni e 75 ferimenti. Tre sono stati i suicidi di detenuti e tre le morti in carcere per cause naturali.<br \/>\nLe evasioni sono tate 8 da istituti penitenziari e 12 a seguito della concessione di permesso premio, semiliberta&#8217; e lavoro all&#8217;esterno. E la cosa grave \u00e8 che questi numeri si sono concretizzati proprio quando sempre pi\u00f9 carceri hanno introdotto la vigilanza dinamica ed il regime penitenziario &#8216;aperto&#8217;, ossia con i detenuti pi\u00f9 ore al giorno liberi di girare per le sezioni detentive con controlli sporadici ed occasionali della polizia penitenziaria&#8221;.<div id=\"div-gpt-ad-Messinaoggi.it-DSK-300x250-corpoart\" style=\"text-align:center;margin:0 auto;\"><\/div><\/p>\n<div id=\"videoincontent\" style=\"clear:both\";><\/div>","protected":false},"excerpt":{"rendered":"<p>Un detenuto italiano di 30 anni si \u00e8 tolto la vita nel carcere di Barcellona. Lo rendono noto Vito Fazio e Lillo Navarra, rispettivamente segretario locale e nazionale per la Sicilia del Sappe, Sindacato autonomo polizia penitenziaria. &#8220;E&#8217; il secondo suicidio di un detenuto del carcere di Barcellona Pozzo di Gotto in un mese &#8211; [&hellip;]<\/p>\n","protected":false},"author":2,"featured_media":15545,"comment_status":"closed","ping_status":"open","sticky":false,"template":"","format":"standard","meta":{"ub_ctt_via":"","_mi_skip_tracking":false},"categories":[5],"tags":[],"featured_image_src":"https:\/\/www.messinaoggi.it\/website\/wp-content\/uploads\/2018\/02\/carcere-barcellona-1.jpg","author_info":{"display_name":"Redazione","author_link":"https:\/\/www.messinaoggi.it\/website\/author\/redazione\/"},"digistream_id":0,"digistream":false,"_links":{"self":[{"href":"https:\/\/www.messinaoggi.it\/website\/wp-json\/wp\/v2\/posts\/15530"}],"collection":[{"href":"https:\/\/www.messinaoggi.it\/website\/wp-json\/wp\/v2\/posts"}],"about":[{"href":"https:\/\/www.messinaoggi.it\/website\/wp-json\/wp\/v2\/types\/post"}],"author":[{"embeddable":true,"href":"https:\/\/www.messinaoggi.it\/website\/wp-json\/wp\/v2\/users\/2"}],"replies":[{"embeddable":true,"href":"https:\/\/www.messinaoggi.it\/website\/wp-json\/wp\/v2\/comments?post=15530"}],"version-history":[{"count":0,"href":"https:\/\/www.messinaoggi.it\/website\/wp-json\/wp\/v2\/posts\/15530\/revisions"}],"wp:featuredmedia":[{"embeddable":true,"href":"https:\/\/www.messinaoggi.it\/website\/wp-json\/wp\/v2\/media\/15545"}],"wp:attachment":[{"href":"https:\/\/www.messinaoggi.it\/website\/wp-json\/wp\/v2\/media?parent=15530"}],"wp:term":[{"taxonomy":"category","embeddable":true,"href":"https:\/\/www.messinaoggi.it\/website\/wp-json\/wp\/v2\/categories?post=15530"},{"taxonomy":"post_tag","embeddable":true,"href":"https:\/\/www.messinaoggi.it\/website\/wp-json\/wp\/v2\/tags?post=15530"}],"curies":[{"name":"wp","href":"https:\/\/api.w.org\/{rel}","templated":true}]}}