{"id":155295,"date":"2023-05-16T09:28:42","date_gmt":"2023-05-16T07:28:42","guid":{"rendered":"http:\/\/www.messinaoggi.it\/website\/?p=155295"},"modified":"2023-05-16T09:28:43","modified_gmt":"2023-05-16T07:28:43","slug":"ponte-conti-nibali-la-questione-va-approfondita","status":"publish","type":"post","link":"https:\/\/www.messinaoggi.it\/website\/2023\/05\/16\/ponte-conti-nibali-la-questione-va-approfondita\/","title":{"rendered":"Ponte, Conti Nibali: &#8220;La questione va approfondita&#8221;"},"content":{"rendered":"\n<p>La Prima Commissione consiliare del Comune di Messina si \u00e8 riunita a Palazzo Zanca ed ha ascoltato le posizioni i rappresentanti di \u201cInvece del ponte\u201d.<br>Aprendo i lavori, il Presidente della Commissione, Salvatore Papa, ha evidenziato l\u2019esigenza di confronto con tutte le espressioni della citt\u00e0 su un tema che impatterebbe in maniera rilevante sul nostro territorio.<br>Elio Conti Nibali, a nome dei cittadini rappresentati dal comitato, ha ringraziato per l\u2019invito ed ha sottolineato l\u2019esigenza di approfondire in maniera adeguata tutte le questioni, per evitare di non avere<br>assolutamente voce in capitolo in un momento cos\u00ec importante. In particolare, ha sottolineato come il rifiuto di far partecipare i sindaci di Messina e Villa San Giovanni al CdA della societ\u00e0 Stretto di Messina,<br>bocciando gli emendamenti proposti in Commissione parlamentare, conferma la volont\u00e0 di escludere le citt\u00e0 dello Stretto da qualsiasi momento di decisione. \u201cDobbiamo indignarci e reagire\u201d, ha concluso Conti<br>Nibali.<div id=\"div-gpt-ad-Messinaoggi.it-DSK-300x250-corpoart\" style=\"text-align:center;margin:0 auto;\"><\/div><\/p>\n<div id=\"videoincontent\" style=\"clear:both\";><\/div>","protected":false},"excerpt":{"rendered":"<p>La Prima Commissione consiliare del Comune di Messina si \u00e8 riunita a Palazzo Zanca ed ha ascoltato le posizioni i rappresentanti di \u201cInvece del ponte\u201d.Aprendo i lavori, il Presidente della Commissione, Salvatore Papa, ha evidenziato l\u2019esigenza di confronto con tutte le espressioni della citt\u00e0 su un tema che impatterebbe in maniera rilevante sul nostro territorio.Elio [&hellip;]<\/p>\n","protected":false},"author":2,"featured_media":154042,"comment_status":"open","ping_status":"open","sticky":false,"template":"","format":"standard","meta":{"ub_ctt_via":"","_mi_skip_tracking":false},"categories":[5],"tags":[7451,630],"featured_image_src":"https:\/\/www.messinaoggi.it\/website\/wp-content\/uploads\/2023\/05\/unnamed-1.jpg","author_info":{"display_name":"Redazione","author_link":"https:\/\/www.messinaoggi.it\/website\/author\/redazione\/"},"digistream_id":0,"digistream":false,"_links":{"self":[{"href":"https:\/\/www.messinaoggi.it\/website\/wp-json\/wp\/v2\/posts\/155295"}],"collection":[{"href":"https:\/\/www.messinaoggi.it\/website\/wp-json\/wp\/v2\/posts"}],"about":[{"href":"https:\/\/www.messinaoggi.it\/website\/wp-json\/wp\/v2\/types\/post"}],"author":[{"embeddable":true,"href":"https:\/\/www.messinaoggi.it\/website\/wp-json\/wp\/v2\/users\/2"}],"replies":[{"embeddable":true,"href":"https:\/\/www.messinaoggi.it\/website\/wp-json\/wp\/v2\/comments?post=155295"}],"version-history":[{"count":1,"href":"https:\/\/www.messinaoggi.it\/website\/wp-json\/wp\/v2\/posts\/155295\/revisions"}],"predecessor-version":[{"id":155296,"href":"https:\/\/www.messinaoggi.it\/website\/wp-json\/wp\/v2\/posts\/155295\/revisions\/155296"}],"wp:featuredmedia":[{"embeddable":true,"href":"https:\/\/www.messinaoggi.it\/website\/wp-json\/wp\/v2\/media\/154042"}],"wp:attachment":[{"href":"https:\/\/www.messinaoggi.it\/website\/wp-json\/wp\/v2\/media?parent=155295"}],"wp:term":[{"taxonomy":"category","embeddable":true,"href":"https:\/\/www.messinaoggi.it\/website\/wp-json\/wp\/v2\/categories?post=155295"},{"taxonomy":"post_tag","embeddable":true,"href":"https:\/\/www.messinaoggi.it\/website\/wp-json\/wp\/v2\/tags?post=155295"}],"curies":[{"name":"wp","href":"https:\/\/api.w.org\/{rel}","templated":true}]}}