{"id":155113,"date":"2023-05-14T17:39:04","date_gmt":"2023-05-14T15:39:04","guid":{"rendered":"http:\/\/www.messinaoggi.it\/website\/?p=155113"},"modified":"2023-05-14T17:39:07","modified_gmt":"2023-05-14T15:39:07","slug":"ragusa-e-felice-questo-gruppo-ha-un-grande-cuore","status":"publish","type":"post","link":"https:\/\/www.messinaoggi.it\/website\/2023\/05\/14\/ragusa-e-felice-questo-gruppo-ha-un-grande-cuore\/","title":{"rendered":"Ragusa \u00e8 felice: &#8220;questo gruppo ha un grande cuore&#8221;"},"content":{"rendered":"\n<p>\u00c8 un <strong>Nino Ragusa<\/strong> felice quello che si \u00e8 visto e sentito ieri <a href=\"https:\/\/www.facebook.com\/MessinaOfficialPage\/videos\/182238728111438\" data-type=\"URL\" data-id=\"https:\/\/www.facebook.com\/MessinaOfficialPage\/videos\/182238728111438\">in conferenza stampa <\/a>con Mister <strong>Ezio Raciti <\/strong><a href=\"https:\/\/www.messinaoggi.it\/website\/2023\/05\/13\/raciti-dopo-la-salvezza-oggi-toccava-a-nino\/?fbclid=IwAR1GTEs2uxq-wG18sstxQ0OwCQMIg1YitCpC1ZjkZyTH7nseIjpNC2YYvEM\" data-type=\"URL\" data-id=\"https:\/\/www.messinaoggi.it\/website\/2023\/05\/13\/raciti-dopo-la-salvezza-oggi-toccava-a-nino\/?fbclid=IwAR1GTEs2uxq-wG18sstxQ0OwCQMIg1YitCpC1ZjkZyTH7nseIjpNC2YYvEM\"><strong>(qui la sua parte di conferenza),<\/strong> <\/a>dopo un grande abbraccio tra i due. L\u2019uomo che ha messo la firma su Messina &#8211; Gelbison con un gran gol, su una gran palla di <strong>Manuel Ferrini<\/strong>, ha innanzitutto dedicato la vittoria salvezza a tutti quelli che hanno lavorato attorno al club:<div id=\"div-gpt-ad-Messinaoggi.it-DSK-300x250-corpoart\" style=\"text-align:center;margin:0 auto;\"><\/div><\/p>\n\n\n\n<p>\u201cUna soddisfazione veramente troppo grande a livello personale, una cosa che ancora devo realizzare, per\u00f2 sono veramente troppo contento per il gruppo squadra perch\u00e9 noi in questi mesi abbiamo fatto tanti sacrifici. Quando si parla di sacrifici magari all&#8217;esterno pu\u00f2 sembrare una parola troppo grossa, per\u00f2 noi abbiamo affrontato situazioni difficili. Momenti veramente delicati. Non era facile gestirli e rimanere concentrati ad un certo punto della stagione. Abbiamo fatto un percorso troppo importante per buttarlo alle ortiche oggi. Sono veramente contento per i giocatori, lo staff tecnico, lo staff medico, i magazzinieri\u2026!\u201d<div id=\"videoincontent\" style=\"clear:both\";><\/div><\/p>\n\n\n\n<p><strong>Un passaggio \u00e8 stato dedicato all\u2019approccio alla partita da parte dei biancoscudati:<\/strong><\/p>\n\n\n\n<p>\u201cCi sono stati piccoli momenti della gara in cui \u00e8 stata dura, perch\u00e9 comunque la Gelbison \u00e8 una squadra che si \u00e8 fatta rispettare. Sia all&#8217;andata che al ritorno. Ci sono stati veramente momenti un po\u2019 faticosi. La nostra forza di oggi \u00e8 stata quella di crederci sempre, di costruire fino all&#8217;ultimo. Anche ai ragazzi, prima della partita, ho detto che il gol si pu\u00f2 fare subito ma si pu\u00f2 fare anche verso la fine, quindi ci voleva equilibrio. Ci voleva una forza mentale importante per raggiungere questo risultato. Sono soddisfatto di quello che hanno messo in campo oggi tutti i ragazzi che hanno giocato. \u00c8 stata una gara preparata bene, approcciata bene. Alla fine, abbiamo rischiato un po\u2019, per\u00f2 siamo qui a festeggiare e a goderci la vittoria!\u201d<\/p>\n\n\n\n<p><strong>Il Capitano del Messina \u00e8 soddisfatto nel complesso di aver scelto di venire qui a gennaio:<\/strong><\/p>\n\n\n\n<p>\u201cAssolutamente s\u00ec. Quando raccogli soddisfazioni del genere ci sono veramente pochissimi dubbi. Oggi avevo un&#8217;adrenalina in campo ed un senso di responsabilit\u00e0 enorme. Ho vinto campionati in altre categorie ma oggi la soddisfazione \u00e8 stata una cosa forse pi\u00f9 grossa di qualche promozione\u201d.<\/p>\n\n\n\n<figure class=\"wp-block-image size-large\"><img loading=\"lazy\" width=\"1024\" height=\"768\" src=\"http:\/\/www.messinaoggi.it\/website\/wp-content\/uploads\/2023\/05\/Raciti-dopo-la-salvezza-2-1-1024x768.jpeg\" alt=\"Ragusa \u00e8 felice\" class=\"wp-image-155115\" srcset=\"https:\/\/www.messinaoggi.it\/website\/wp-content\/uploads\/2023\/05\/Raciti-dopo-la-salvezza-2-1-1024x768.jpeg 1024w, https:\/\/www.messinaoggi.it\/website\/wp-content\/uploads\/2023\/05\/Raciti-dopo-la-salvezza-2-1-300x225.jpeg 300w, https:\/\/www.messinaoggi.it\/website\/wp-content\/uploads\/2023\/05\/Raciti-dopo-la-salvezza-2-1-768x576.jpeg 768w, https:\/\/www.messinaoggi.it\/website\/wp-content\/uploads\/2023\/05\/Raciti-dopo-la-salvezza-2-1-1536x1152.jpeg 1536w, https:\/\/www.messinaoggi.it\/website\/wp-content\/uploads\/2023\/05\/Raciti-dopo-la-salvezza-2-1.jpeg 2000w\" sizes=\"(max-width: 1024px) 100vw, 1024px\" \/><figcaption>Nino Ragusa e Mister Raciti in conferenza stampa<\/figcaption><\/figure>\n\n\n\n<p><strong>Ha poi raccontato i momenti di esultanza dopo il gol e cosa ha pensato:<\/strong><\/p>\n\n\n\n<p>\u201cHo avuto quei cinque, sei secondi di buio dopo il gol. Vedevo un po\u2019 di gente che mi veniva addosso. Cercavo di schivarli pure per paura di farmi male. Volevo andare a festeggiare con i tifosi, perch\u00e9 oggi ci hanno dato una grossa spinta. Vedere una curva quasi tutta piena \u00e8 stato veramente bello. Non so quante persone c&#8217;erano ma \u00e8 stato veramente bello gi\u00e0 dal riscaldamento. Senti i cori che ti incitano e ti danno una carica incredibile. \u00c8 stata una corsa liberatoria, istintiva, un momento in cui ho goduto troppo\u201d.<\/p>\n\n\n\n<p><strong>E alla fine ritorna a parlare del gruppo e in particolare dei suoi compagni:<\/strong><\/p>\n\n\n\n<p>\u201cCome ho detto prima questo \u00e8 un gruppo in cui abbiamo messo alle volte in secondo piano il lato tecnico per far venire fuori il lato umano. Questo gruppo ha un cuore che veramente ho trovato in pochissime squadre. \u00c8 stato giusto che la stagione finisse cos\u00ec. Raccogliere quello che \u00e8 stato seminato finora. Una rincorsa pazzesca che fai solo se hai non semplicemente dei bravi giocatori\u2026 Pu\u00f2 servire il nome famoso per\u00f2 poi ci vogliono gli uomini in mezzo al campo, perch\u00e9 una partita la prepari durante la settimana con tutte le difficolt\u00e0 del caso. Ci sono veramente dietro tantissimi aspetti che voi non sapete e che mi piace sottolineare adesso perch\u00e9 \u00e8 giusto che si dia il giusto riconoscimento ai ragazzi, che hanno fatto una cosa incredibile!\u201d<\/p>\n\n\n\n<p><strong>Michele Bruno.<\/strong><\/p>\n","protected":false},"excerpt":{"rendered":"<p>\u00c8 un Nino Ragusa felice quello che si \u00e8 visto e sentito ieri in conferenza stampa con Mister Ezio Raciti (qui la sua parte di conferenza), dopo un grande abbraccio tra i due. L\u2019uomo che ha messo la firma su Messina &#8211; Gelbison con un gran gol, su una gran palla di Manuel Ferrini, ha [&hellip;]<\/p>\n","protected":false},"author":123457,"featured_media":155114,"comment_status":"open","ping_status":"open","sticky":false,"template":"","format":"standard","meta":{"ub_ctt_via":"","_mi_skip_tracking":false},"categories":[10,9],"tags":[24,6810,7653,6807,6806,6606,6761,3935,7817,4213],"featured_image_src":"https:\/\/www.messinaoggi.it\/website\/wp-content\/uploads\/2023\/05\/Messina-e-salvo-10-1.jpeg","author_info":{"display_name":"Michele Bruno","author_link":"https:\/\/www.messinaoggi.it\/website\/author\/michele-bruno\/"},"digistream_id":0,"digistream":false,"_links":{"self":[{"href":"https:\/\/www.messinaoggi.it\/website\/wp-json\/wp\/v2\/posts\/155113"}],"collection":[{"href":"https:\/\/www.messinaoggi.it\/website\/wp-json\/wp\/v2\/posts"}],"about":[{"href":"https:\/\/www.messinaoggi.it\/website\/wp-json\/wp\/v2\/types\/post"}],"author":[{"embeddable":true,"href":"https:\/\/www.messinaoggi.it\/website\/wp-json\/wp\/v2\/users\/123457"}],"replies":[{"embeddable":true,"href":"https:\/\/www.messinaoggi.it\/website\/wp-json\/wp\/v2\/comments?post=155113"}],"version-history":[{"count":1,"href":"https:\/\/www.messinaoggi.it\/website\/wp-json\/wp\/v2\/posts\/155113\/revisions"}],"predecessor-version":[{"id":155116,"href":"https:\/\/www.messinaoggi.it\/website\/wp-json\/wp\/v2\/posts\/155113\/revisions\/155116"}],"wp:featuredmedia":[{"embeddable":true,"href":"https:\/\/www.messinaoggi.it\/website\/wp-json\/wp\/v2\/media\/155114"}],"wp:attachment":[{"href":"https:\/\/www.messinaoggi.it\/website\/wp-json\/wp\/v2\/media?parent=155113"}],"wp:term":[{"taxonomy":"category","embeddable":true,"href":"https:\/\/www.messinaoggi.it\/website\/wp-json\/wp\/v2\/categories?post=155113"},{"taxonomy":"post_tag","embeddable":true,"href":"https:\/\/www.messinaoggi.it\/website\/wp-json\/wp\/v2\/tags?post=155113"}],"curies":[{"name":"wp","href":"https:\/\/api.w.org\/{rel}","templated":true}]}}