{"id":155086,"date":"2023-05-13T22:25:40","date_gmt":"2023-05-13T20:25:40","guid":{"rendered":"http:\/\/www.messinaoggi.it\/website\/?p=155086"},"modified":"2023-05-13T22:25:41","modified_gmt":"2023-05-13T20:25:41","slug":"raciti-dopo-la-salvezza-oggi-toccava-a-nino","status":"publish","type":"post","link":"https:\/\/www.messinaoggi.it\/website\/2023\/05\/13\/raciti-dopo-la-salvezza-oggi-toccava-a-nino\/","title":{"rendered":"Raciti dopo la salvezza: &#8220;oggi toccava a Nino&#8221;"},"content":{"rendered":"\n<p>Mister Raciti ha parlato oggi in conferenza stampa dopo la salvezza raggiunta nel playout tra Messina e Gelbison <a href=\"https:\/\/www.facebook.com\/MessinaOfficialPage\/videos\/182238728111438\/\" data-type=\"URL\" data-id=\"https:\/\/www.facebook.com\/MessinaOfficialPage\/videos\/182238728111438\/\">(Qui il video).<\/a> <a href=\"https:\/\/www.messinaoggi.it\/website\/2023\/05\/13\/manfredi-ai-giornalisti-una-favola-per-i-tifosi-e-la-citta\/\" data-type=\"URL\" data-id=\"https:\/\/www.messinaoggi.it\/website\/2023\/05\/13\/manfredi-ai-giornalisti-una-favola-per-i-tifosi-e-la-citta\/\"><strong>Prima aveva parlato il DG Lello Manfredi (qui).<\/strong><\/a><div id=\"div-gpt-ad-Messinaoggi.it-DSK-300x250-corpoart\" style=\"text-align:center;margin:0 auto;\"><\/div><\/p>\n\n\n\n<p><strong>Ha esordito con un commento con le sensazioni a caldo del fine partita e della salvezza raggiunta:<\/strong><div id=\"videoincontent\" style=\"clear:both\";><\/div><\/p>\n\n\n\n<p>\u201cAvrei sperato ci salvassimo comunque, ma con un finale preparato in un modo diverso. Dicevo prima della partita che l&#8217;anno scorso un messinese Capitano che non aveva fatto neanche un gol, Rizzo, ha fatto gol a Taranto e ci ha salvato. Quest&#8217;anno ho detto ad Antonio che toccava a lui, Capitano messinese, segnare il primo gol. Il gol pi\u00f9 importante. Devo dire grazie a questi ragazzi, devo dire grazie ai tifosi. Oggi hanno dimostrato che la serie C per il Messina sta stretta, perch\u00e9 hanno dimostrato tutto il calore e tutto l&#8217;amore che hanno per questa per questa squadra\u201d.<\/p>\n\n\n\n<p><strong>Ha poi difeso Ragusa dopo una domanda sulle sue prestazioni non sempre al top con i biancoscudati:<\/strong><\/p>\n\n\n\n<p>\u201cNon credo che Ragusa debba dimostrare niente a nessuno. \u00c8 il suo curriculum che parla e quello che pu\u00f2 fare ancora in campo. \u00c8 stato l&#8217;uomo determinante al momento determinante. Credetemi che la cosa migliore che abbiamo fatto a gennaio \u00e8 stata quella di scegliere giocatori importanti, ma soprattutto uomini veri, uomini con attributi incredibili. Credetemi Nino \u00e8 uno di quelli. Ha guidato lo spogliatoio per mano che ci ha messo sempre la faccia. Non si \u00e8 mai tirato indietro e ha avuto sempre una parola di conforto per i compagni. Tante volte, ingiustamente, non \u00e8 stato gratificato per come meritava. Non \u00e8 una polemica. Per\u00f2 \u00e8 giusto dare i meriti a chi ci ha messo la faccia\u201d.<\/p>\n\n\n\n<figure class=\"wp-block-image size-large\"><img loading=\"lazy\" width=\"1024\" height=\"768\" src=\"http:\/\/www.messinaoggi.it\/website\/wp-content\/uploads\/2023\/05\/Il-Messina-e-salvo-7-1024x768.jpeg\" alt=\"Raciti dopo la salvezza\" class=\"wp-image-155094\" srcset=\"https:\/\/www.messinaoggi.it\/website\/wp-content\/uploads\/2023\/05\/Il-Messina-e-salvo-7-1024x768.jpeg 1024w, https:\/\/www.messinaoggi.it\/website\/wp-content\/uploads\/2023\/05\/Il-Messina-e-salvo-7-300x225.jpeg 300w, https:\/\/www.messinaoggi.it\/website\/wp-content\/uploads\/2023\/05\/Il-Messina-e-salvo-7-768x576.jpeg 768w, https:\/\/www.messinaoggi.it\/website\/wp-content\/uploads\/2023\/05\/Il-Messina-e-salvo-7-1536x1152.jpeg 1536w, https:\/\/www.messinaoggi.it\/website\/wp-content\/uploads\/2023\/05\/Il-Messina-e-salvo-7.jpeg 2000w\" sizes=\"(max-width: 1024px) 100vw, 1024px\" \/><figcaption>l&#8217;abbraccio tra Raciti e Ragusa<\/figcaption><\/figure>\n\n\n\n<p><strong>Fumagalli \u00e8 stato uno dei migliori in campo (per noi il migliore), ma il Mister ha chiamato accanto a s\u00e9, con un lungo abbraccio, Nino Ragusa, l\u2019uomo del gol che ha risolto il match. Per\u00f2 ha ammesso:<\/strong><\/p>\n\n\n\n<p>\u201cLi vorrei tutti qui perch\u00e9 sono stati tutti eccezionali anche chi non ha avuto il piacere di giocare o chi non ha giocato dall&#8217;inizio. Negli allenamenti i giocatori davano l&#8217;intensit\u00e0 e la possibilit\u00e0 di lavorare bene. Cos\u00ec come ha lavorato bene la squadra hanno lavorato lo staff sanitario e tutte le persone attorno a noi\u2026 Cirino, il magazziniere\u2026 Sembrer\u00e0 strano ma se tutte queste cose non coincidono e non si legano tra di loro, i risultati poi \u00e8 difficile farli. Per fare il percorso che abbiamo fatto noi dagli 11 punti, molti lo hanno dimenticato, \u00e8 necessario questo\u2026 Nel girone di ritorno abbiamo fatto 30 punti e davanti a noi c&#8217;erano solo Catanzaro a 40 e Crotone a 32. \u00c8 vero abbiamo sbagliato qualche partita in casa ma non l&#8217;abbiamo sbagliata nell&#8217;atteggiamento. Gli episodi vanno contro o a favore. Ma questa \u00e8 una squadra che meritava la salvezza e in due partite difficili. Perch\u00e9 la Gelbison ha dimostrato di essere una squadra viva. Siamo riusciti a coronare questa salvezza che \u00e8 figlia dei nostri sacrifici credetemi ne abbiamo fatti tanti e sono orgoglioso di aver avuto il piacere di allenare questo gruppo\u201d.<\/p>\n\n\n\n<figure class=\"wp-block-image size-large\"><img loading=\"lazy\" width=\"1024\" height=\"768\" src=\"http:\/\/www.messinaoggi.it\/website\/wp-content\/uploads\/2023\/05\/Raciti-dopo-la-salvezza-2-1024x768.jpeg\" alt=\"Raciti dopo la salvezza\" class=\"wp-image-155095\" srcset=\"https:\/\/www.messinaoggi.it\/website\/wp-content\/uploads\/2023\/05\/Raciti-dopo-la-salvezza-2-1024x768.jpeg 1024w, https:\/\/www.messinaoggi.it\/website\/wp-content\/uploads\/2023\/05\/Raciti-dopo-la-salvezza-2-300x225.jpeg 300w, https:\/\/www.messinaoggi.it\/website\/wp-content\/uploads\/2023\/05\/Raciti-dopo-la-salvezza-2-768x576.jpeg 768w, https:\/\/www.messinaoggi.it\/website\/wp-content\/uploads\/2023\/05\/Raciti-dopo-la-salvezza-2-1536x1152.jpeg 1536w, https:\/\/www.messinaoggi.it\/website\/wp-content\/uploads\/2023\/05\/Raciti-dopo-la-salvezza-2.jpeg 2000w\" sizes=\"(max-width: 1024px) 100vw, 1024px\" \/><\/figure>\n\n\n\n<p><strong>Gli abbiamo chiesto se ci sia pi\u00f9 di Mister Raciti in questa salvezza o dei suoi giocatori, ha risposto:<\/strong><\/p>\n\n\n\n<p>\u201cLe due cose secondo me non si possono dividere siamo veramente tutto una cosa ma non solo con con me con lo staff con tutti ripeto siamo riusciti a fare un gruppo importante e questa \u00e8 la fortuna che ho avuto\u201d.<\/p>\n\n\n\n<p><strong>Sulla forza dell\u2019avversario e la difficolt\u00e0 dell\u2019incontro:<\/strong><\/p>\n\n\n\n<p>Quando dicevo che in queste partite finali quanto fatto in campionato si azzerava non lo dicevo a caso, perch\u00e9 queste sono partite dove poi conta tanto l&#8217;esperienza, conta gestire l&#8217;emotivit\u00e0. Conta la condizione atletica. Conta come ci arrivi ed \u00e8 stata \u00e8 stata una doppia partita difficile. Nel prepararla, nel viverla e vincerla\u201d<\/p>\n\n\n\n<p><strong>E infine ha risposto ancora a noi sul suo possibile futuro con i peloritani:<\/strong><\/p>\n\n\n\n<p>\u201cNon abbiamo un progetto a lunga scadenza. Sono stato chiamato dal Presidente con l&#8217;obiettivo di salvare il Messina. Ci sono riuscito per la seconda volta. La terza volta che mi riesce in questa categoria di salvare una squadra. La prima volta al Siracusa. Sembravano quasi disperate le situazioni. Il percorso dice che in 60 partite ho fatto 90 punti con squadre che lottavano per non retrocedere. \u00c8 un bottino abbastanza importante, per\u00f2 per quello che sar\u00e0 il futuro dipende dalla societ\u00e0. L&#8217;unico consiglio che potrei dare \u00e8 quello di non disperdere questa squadra cos\u00ec come \u00e8 successo l&#8217;anno scorso. Chiunque poi venga ad allenarla. Un gruppo veramente fatto da uomini veri\u201d.<\/p>\n","protected":false},"excerpt":{"rendered":"<p>Mister Raciti ha parlato oggi in conferenza stampa dopo la salvezza raggiunta nel playout tra Messina e Gelbison (Qui il video). Prima aveva parlato il DG Lello Manfredi (qui). Ha esordito con un commento con le sensazioni a caldo del fine partita e della salvezza raggiunta: \u201cAvrei sperato ci salvassimo comunque, ma con un finale [&hellip;]<\/p>\n","protected":false},"author":123457,"featured_media":155096,"comment_status":"open","ping_status":"open","sticky":false,"template":"","format":"standard","meta":{"ub_ctt_via":"","_mi_skip_tracking":false},"categories":[10,9],"tags":[24,6810,7653,6807,6806,6761,3935,4213],"featured_image_src":"https:\/\/www.messinaoggi.it\/website\/wp-content\/uploads\/2023\/05\/Messina-e-salvo-9-1.jpeg","author_info":{"display_name":"Michele Bruno","author_link":"https:\/\/www.messinaoggi.it\/website\/author\/michele-bruno\/"},"digistream_id":0,"digistream":false,"_links":{"self":[{"href":"https:\/\/www.messinaoggi.it\/website\/wp-json\/wp\/v2\/posts\/155086"}],"collection":[{"href":"https:\/\/www.messinaoggi.it\/website\/wp-json\/wp\/v2\/posts"}],"about":[{"href":"https:\/\/www.messinaoggi.it\/website\/wp-json\/wp\/v2\/types\/post"}],"author":[{"embeddable":true,"href":"https:\/\/www.messinaoggi.it\/website\/wp-json\/wp\/v2\/users\/123457"}],"replies":[{"embeddable":true,"href":"https:\/\/www.messinaoggi.it\/website\/wp-json\/wp\/v2\/comments?post=155086"}],"version-history":[{"count":2,"href":"https:\/\/www.messinaoggi.it\/website\/wp-json\/wp\/v2\/posts\/155086\/revisions"}],"predecessor-version":[{"id":155098,"href":"https:\/\/www.messinaoggi.it\/website\/wp-json\/wp\/v2\/posts\/155086\/revisions\/155098"}],"wp:featuredmedia":[{"embeddable":true,"href":"https:\/\/www.messinaoggi.it\/website\/wp-json\/wp\/v2\/media\/155096"}],"wp:attachment":[{"href":"https:\/\/www.messinaoggi.it\/website\/wp-json\/wp\/v2\/media?parent=155086"}],"wp:term":[{"taxonomy":"category","embeddable":true,"href":"https:\/\/www.messinaoggi.it\/website\/wp-json\/wp\/v2\/categories?post=155086"},{"taxonomy":"post_tag","embeddable":true,"href":"https:\/\/www.messinaoggi.it\/website\/wp-json\/wp\/v2\/tags?post=155086"}],"curies":[{"name":"wp","href":"https:\/\/api.w.org\/{rel}","templated":true}]}}