{"id":15504,"date":"2018-02-10T16:02:49","date_gmt":"2018-02-10T15:02:49","guid":{"rendered":"http:\/\/www.messinaoggi.it\/website\/?p=15504"},"modified":"2018-02-10T16:02:49","modified_gmt":"2018-02-10T15:02:49","slug":"verso-le-politiche-la-lega-incontra-i-propri-elettori-salvini-ha-portato-entusiasmo","status":"publish","type":"post","link":"https:\/\/www.messinaoggi.it\/website\/2018\/02\/10\/verso-le-politiche-la-lega-incontra-i-propri-elettori-salvini-ha-portato-entusiasmo\/","title":{"rendered":"Verso le Politiche, la Lega incontra i propri elettori: &quot;Salvini ha portato entusiasmo&quot;"},"content":{"rendered":"<p style=\"text-align: justify;\">La Lega si confronta con i propri elettori, trattando argomenti primari nell\u2019ambito di questa campagna elettoraleSi \u00e8 svolto questa mattina all\u2019ex chiesa di Santa Maria Alemanna l\u2019incontro dei candidati della lista Lega \u2013 Salvini Premier alla Camera dei Deputati al collegio 2-01 di Messina, Barcellona Pozzo di Gotto ed Enna. All\u2019evento hanno partecipato molti elettori e simpatizzanti del partito, provenienti da tutto il territorio provinciale.<div id=\"div-gpt-ad-Messinaoggi.it-DSK-300x250-corpoart\" style=\"text-align:center;margin:0 auto;\"><\/div><\/p>\n<p style=\"text-align: justify;\">Il candidato, nonch\u00e9 deputato uscente, Carmelo Lo Monte ha ribadito: \u201cHo capito che questa sfida era l\u2019ideale per me, quando Matteo Salvini ha compreso l\u2019importanza di una svolta nazionale. Questo progetto politico non solo mi ha ridonato l\u2019entusiasmo, ma ha permesso a molti territori di riavere una speranza. Lo ritengo coerente con il mio percorso politico, che parla di lotta contro il centralismo nazionale, ben che meno europeo. Adesso dobbiamo lottare per salvaguardare i nostri prodotti e le nostre filiere. Messina \u00e8 da sempre in mano ad alcune famiglie che io ho\u00a0 cercato di contrastare e che da me in cambio non hanno mai avuto niente\u201d.<div id=\"videoincontent\" style=\"clear:both\";><\/div><\/p>\n<p style=\"text-align: justify;\">Presente anche l\u2019altra candidata al collegio, Marina Trimarchi: \u201cIo ho 43 anni e non mi vergogno di dire che mi sento schiacciata dalle tasse e la flat tax \u00e8 la risposta ideale. Non mi vergogno di affermare che la legge Fornero \u00e8 una legge ingiusta che va cancellata del tutto,cos\u00ec come propone Matteo Salvini. Da docente di dire che anche la riforma \u00a0Buona Scuola ha provocato pi\u00f9 danni che benefici, soprattutto se pensiamo a quante madri si sono dovute recare dall\u2019altro lato dell\u2019Italia per lavorare abbandonando la propria famiglia\u201d.<\/p>\n<p style=\"text-align: justify;\">All\u2019incontro non \u00e8 mancato neanche \u00a0Filippo Ricciardi, anch\u2019egli candidato: \u201cLa Lega ha cambiato volto, questo ormai \u00e8 un dato assodato. Salvini ha capito bene i problemi dei cittadini, ci mette sempre la faccia e questo gli va riconosciuto\u201d. Durante l\u2019incontro, moderato dall\u2019attuale consigliere comunale di Lipari Ciccio Rizzo, hanno preso la parola molti ragazzi e cittadini che hanno posto l\u2019accento su temi importanti, quali la valorizzazione dei giovani e la sicurezza.<\/p>\n","protected":false},"excerpt":{"rendered":"<p>La Lega si confronta con i propri elettori, trattando argomenti primari nell\u2019ambito di questa campagna elettoraleSi \u00e8 svolto questa mattina all\u2019ex chiesa di Santa Maria Alemanna l\u2019incontro dei candidati della lista Lega \u2013 Salvini Premier alla Camera dei Deputati al collegio 2-01 di Messina, Barcellona Pozzo di Gotto ed Enna. All\u2019evento hanno partecipato molti elettori [&hellip;]<\/p>\n","protected":false},"author":2,"featured_media":15502,"comment_status":"closed","ping_status":"open","sticky":false,"template":"","format":"standard","meta":{"ub_ctt_via":"","_mi_skip_tracking":false},"categories":[6],"tags":[],"featured_image_src":"https:\/\/www.messinaoggi.it\/website\/wp-content\/uploads\/2018\/02\/conf-stampa-lo-monte-RRP_3020-1.jpg","author_info":{"display_name":"Redazione","author_link":"https:\/\/www.messinaoggi.it\/website\/author\/redazione\/"},"digistream_id":0,"digistream":false,"_links":{"self":[{"href":"https:\/\/www.messinaoggi.it\/website\/wp-json\/wp\/v2\/posts\/15504"}],"collection":[{"href":"https:\/\/www.messinaoggi.it\/website\/wp-json\/wp\/v2\/posts"}],"about":[{"href":"https:\/\/www.messinaoggi.it\/website\/wp-json\/wp\/v2\/types\/post"}],"author":[{"embeddable":true,"href":"https:\/\/www.messinaoggi.it\/website\/wp-json\/wp\/v2\/users\/2"}],"replies":[{"embeddable":true,"href":"https:\/\/www.messinaoggi.it\/website\/wp-json\/wp\/v2\/comments?post=15504"}],"version-history":[{"count":0,"href":"https:\/\/www.messinaoggi.it\/website\/wp-json\/wp\/v2\/posts\/15504\/revisions"}],"wp:featuredmedia":[{"embeddable":true,"href":"https:\/\/www.messinaoggi.it\/website\/wp-json\/wp\/v2\/media\/15502"}],"wp:attachment":[{"href":"https:\/\/www.messinaoggi.it\/website\/wp-json\/wp\/v2\/media?parent=15504"}],"wp:term":[{"taxonomy":"category","embeddable":true,"href":"https:\/\/www.messinaoggi.it\/website\/wp-json\/wp\/v2\/categories?post=15504"},{"taxonomy":"post_tag","embeddable":true,"href":"https:\/\/www.messinaoggi.it\/website\/wp-json\/wp\/v2\/tags?post=15504"}],"curies":[{"name":"wp","href":"https:\/\/api.w.org\/{rel}","templated":true}]}}