{"id":154928,"date":"2023-05-13T12:21:01","date_gmt":"2023-05-13T10:21:01","guid":{"rendered":"http:\/\/www.messinaoggi.it\/website\/?p=154928"},"modified":"2023-05-13T12:21:04","modified_gmt":"2023-05-13T10:21:04","slug":"m5s-messina-cannistra-e-giorgianni-coordinatrici-provinciali","status":"publish","type":"post","link":"https:\/\/www.messinaoggi.it\/website\/2023\/05\/13\/m5s-messina-cannistra-e-giorgianni-coordinatrici-provinciali\/","title":{"rendered":"M5S Messina, Cannistr\u00e0 e Giorgianni coordinatrici provinciali"},"content":{"rendered":"\n<p>Il Movimento Cinque Stelle mette solide radici nel territorio di Messina. Il presidente nazionale <strong>Giuseppe Conte<\/strong> ha nominato i coordinatori provinciali della Regione Sicilia e in riva allo Stretto sono state designate <strong>Cristina Cannistr\u00e0<\/strong> (attivista dal 2012 e gi\u00e0 capogruppo dei pentastellati al Consiglio comunale di Messina ) e<strong> Vera Giorgianni<\/strong> (candidata alle scorse elezioni regionali).<div id=\"div-gpt-ad-Messinaoggi.it-DSK-300x250-corpoart\" style=\"text-align:center;margin:0 auto;\"><\/div><\/p>\n\n\n\n<p>\u00abI coordinatori \u2013 ha spiegato il leader del Movimento Cinque Stelle &#8211; avranno compito di assicurare il raccordo, l\u2019uniformit\u00e0 e la massima capillarit\u00e0 e tempestivit\u00e0 dell\u2019azione politica a livello locale e la valorizzazione delle iniziative e delle istanze territoriali, cos\u00ec come prevede lo Statuto\u00bb.<div id=\"videoincontent\" style=\"clear:both\";><\/div><\/p>\n\n\n\n<p>Le due neo coordinatrici messinesi esprimono soddisfazione per l\u2019incarico ricevuto e non nascondono il profondo senso di responsabilit\u00e0 che sentono sulle loro spalle: \u00abAccolgo con motivazione ed entusiasmo &#8211; dichiara <strong>Cristina Cannistr\u00e0<\/strong> &#8211; la designazione di coordinatore provinciale. Pur consapevole della responsabilit\u00e0 e dell\u2019impegno che il ruolo richiede, sono certa che attraverso la sinergia tra il gruppo che rappresento, gli attivisti e i cittadini si potranno costruire percorsi condivisi di valorizzazione del nostro territorio perch\u00e9 \u00e8 solo lavorando insieme che si possono raggiungere maggiori risultati\u00bb.<\/p>\n\n\n\n<p>\u00abSono consapevole- le fa eco <strong>Vera Giorgianni<\/strong> &#8211; che il nostro compito non sar\u00e0 facile, ma sono entusiasta, molto motivata e convinta che insieme a tutta la squadra del Movimento, sapremo lavorare bene per la nostra Provincia\u00bb.<\/p>\n\n\n\n<p>Le due coordinatrici provinciali del Movimento Cinque Stelle ringraziano il presidente Giuseppe Conte e il coordinatore regionale <strong>Nuccio Di Paola<\/strong> per la fiducia accordata e fissano i primi obiettivi: <\/p>\n\n\n\n<p>\u00abSiamo in una nuova e attesa fase del Movimento e la creazione dei Gruppi Territoriali sar\u00e0 senza dubbio utile per la crescita dei territori che tornano ad essere i luoghi in cui coltivare le idee ed i progetti per la Societ\u00e0 che vogliamo. Il nostro obiettivo, ma anche il nostro compito \u00e8 quello di essere vicini alle esigenze e alle istanze dei cittadini. Il nostro impegno \u00e8 gi\u00e0 iniziato con il supporto ai nostri candidati, che nella provincia di Messina, in circa 10 liste civiche, corrono alle prossime elezioni amministrative\u00bb.<\/p>\n\n\n\n<p>Cannistr\u00e0 e Giorgianni lanciano infine un appello a chi \u00e8 gi\u00e0 dentro il Movimento ma anche a chi vorr\u00e0 avvicinarsi: <\/p>\n\n\n\n<p>\u00abOra che i gruppi sono nati, invitiamo tutti i nostri attivisti e coloro che ambiscono ad esserlo ad unirsi a noi per dare nuovo impulso al Movimento 5 Stelle , che in questi anni ha dimostrato di essere l&#8217;unica forza politica capace di rimanere sempre vicina e attenta ai bisogni di tutti\u00bb.<\/p>\n","protected":false},"excerpt":{"rendered":"<p>Il Movimento Cinque Stelle mette solide radici nel territorio di Messina. Il presidente nazionale Giuseppe Conte ha nominato i coordinatori provinciali della Regione Sicilia e in riva allo Stretto sono state designate Cristina Cannistr\u00e0 (attivista dal 2012 e gi\u00e0 capogruppo dei pentastellati al Consiglio comunale di Messina ) e Vera Giorgianni (candidata alle scorse elezioni [&hellip;]<\/p>\n","protected":false},"author":15,"featured_media":154940,"comment_status":"open","ping_status":"open","sticky":false,"template":"","format":"standard","meta":{"ub_ctt_via":"","_mi_skip_tracking":false},"categories":[4],"tags":[4591,4629,6532,7813],"featured_image_src":"https:\/\/www.messinaoggi.it\/website\/wp-content\/uploads\/2023\/05\/Giorgianni-Cannistra-e1683973196648.jpeg","author_info":{"display_name":"red.me","author_link":"https:\/\/www.messinaoggi.it\/website\/author\/red-me\/"},"digistream_id":0,"digistream":false,"_links":{"self":[{"href":"https:\/\/www.messinaoggi.it\/website\/wp-json\/wp\/v2\/posts\/154928"}],"collection":[{"href":"https:\/\/www.messinaoggi.it\/website\/wp-json\/wp\/v2\/posts"}],"about":[{"href":"https:\/\/www.messinaoggi.it\/website\/wp-json\/wp\/v2\/types\/post"}],"author":[{"embeddable":true,"href":"https:\/\/www.messinaoggi.it\/website\/wp-json\/wp\/v2\/users\/15"}],"replies":[{"embeddable":true,"href":"https:\/\/www.messinaoggi.it\/website\/wp-json\/wp\/v2\/comments?post=154928"}],"version-history":[{"count":1,"href":"https:\/\/www.messinaoggi.it\/website\/wp-json\/wp\/v2\/posts\/154928\/revisions"}],"predecessor-version":[{"id":154941,"href":"https:\/\/www.messinaoggi.it\/website\/wp-json\/wp\/v2\/posts\/154928\/revisions\/154941"}],"wp:featuredmedia":[{"embeddable":true,"href":"https:\/\/www.messinaoggi.it\/website\/wp-json\/wp\/v2\/media\/154940"}],"wp:attachment":[{"href":"https:\/\/www.messinaoggi.it\/website\/wp-json\/wp\/v2\/media?parent=154928"}],"wp:term":[{"taxonomy":"category","embeddable":true,"href":"https:\/\/www.messinaoggi.it\/website\/wp-json\/wp\/v2\/categories?post=154928"},{"taxonomy":"post_tag","embeddable":true,"href":"https:\/\/www.messinaoggi.it\/website\/wp-json\/wp\/v2\/tags?post=154928"}],"curies":[{"name":"wp","href":"https:\/\/api.w.org\/{rel}","templated":true}]}}