{"id":154897,"date":"2023-05-13T08:31:00","date_gmt":"2023-05-13T06:31:00","guid":{"rendered":"http:\/\/www.messinaoggi.it\/website\/?p=154897"},"modified":"2023-05-13T08:31:47","modified_gmt":"2023-05-13T06:31:47","slug":"frana-di-san-fratello-avviata-la-messa-in-sicurezza","status":"publish","type":"post","link":"https:\/\/www.messinaoggi.it\/website\/2023\/05\/13\/frana-di-san-fratello-avviata-la-messa-in-sicurezza\/","title":{"rendered":"Frana di San Fratello, avviata la messa in sicurezza"},"content":{"rendered":"\n<p>La Citt\u00e0 Metropolitana di Messina ha attivato le procedure straordinarie con l&#8217;individuazione della ditta che si occuper\u00e0 delle operazioni di messa in sicurezza del versante roccioso prospiciente la strada provinciale 163\/d, in via dei Normanni, nel Comune di San Fratello, dopo la frana di ieri mattina. Previsto l&#8217;impiego dei rocciatori per effettuare l&#8217;esplorazione dettagliata del fronte della frana con eventuale &#8216;disgaggio&#8217; dei massi pericolanti in prossimo distacco e la rimozione del materiale presente in strada. Sull&#8217;arteria stradale interessata dal movimento franoso c&#8217;\u00e8 il divieto di transito; l&#8217;area \u00e8 presidiata da polizia metropolitana, forestale e polizia locale. La viabilit\u00e0 alternativa \u00e8 costituita dalla Ss 289, percorribile a senso unico alternato regolamentato da semaforo.<div id=\"div-gpt-ad-Messinaoggi.it-DSK-300x250-corpoart\" style=\"text-align:center;margin:0 auto;\"><\/div><\/p>\n<div id=\"videoincontent\" style=\"clear:both\";><\/div>","protected":false},"excerpt":{"rendered":"<p>La Citt\u00e0 Metropolitana di Messina ha attivato le procedure straordinarie con l&#8217;individuazione della ditta che si occuper\u00e0 delle operazioni di messa in sicurezza del versante roccioso prospiciente la strada provinciale 163\/d, in via dei Normanni, nel Comune di San Fratello, dopo la frana di ieri mattina. Previsto l&#8217;impiego dei rocciatori per effettuare l&#8217;esplorazione dettagliata del [&hellip;]<\/p>\n","protected":false},"author":4,"featured_media":154898,"comment_status":"open","ping_status":"open","sticky":false,"template":"","format":"standard","meta":{"ub_ctt_via":"","_mi_skip_tracking":false},"categories":[13,18],"tags":[4553],"featured_image_src":"https:\/\/www.messinaoggi.it\/website\/wp-content\/uploads\/2023\/05\/Frana-S.-Fratello.jpg","author_info":{"display_name":"redme","author_link":"https:\/\/www.messinaoggi.it\/website\/author\/redme\/"},"digistream_id":0,"digistream":false,"_links":{"self":[{"href":"https:\/\/www.messinaoggi.it\/website\/wp-json\/wp\/v2\/posts\/154897"}],"collection":[{"href":"https:\/\/www.messinaoggi.it\/website\/wp-json\/wp\/v2\/posts"}],"about":[{"href":"https:\/\/www.messinaoggi.it\/website\/wp-json\/wp\/v2\/types\/post"}],"author":[{"embeddable":true,"href":"https:\/\/www.messinaoggi.it\/website\/wp-json\/wp\/v2\/users\/4"}],"replies":[{"embeddable":true,"href":"https:\/\/www.messinaoggi.it\/website\/wp-json\/wp\/v2\/comments?post=154897"}],"version-history":[{"count":1,"href":"https:\/\/www.messinaoggi.it\/website\/wp-json\/wp\/v2\/posts\/154897\/revisions"}],"predecessor-version":[{"id":154899,"href":"https:\/\/www.messinaoggi.it\/website\/wp-json\/wp\/v2\/posts\/154897\/revisions\/154899"}],"wp:featuredmedia":[{"embeddable":true,"href":"https:\/\/www.messinaoggi.it\/website\/wp-json\/wp\/v2\/media\/154898"}],"wp:attachment":[{"href":"https:\/\/www.messinaoggi.it\/website\/wp-json\/wp\/v2\/media?parent=154897"}],"wp:term":[{"taxonomy":"category","embeddable":true,"href":"https:\/\/www.messinaoggi.it\/website\/wp-json\/wp\/v2\/categories?post=154897"},{"taxonomy":"post_tag","embeddable":true,"href":"https:\/\/www.messinaoggi.it\/website\/wp-json\/wp\/v2\/tags?post=154897"}],"curies":[{"name":"wp","href":"https:\/\/api.w.org\/{rel}","templated":true}]}}