{"id":15480,"date":"2018-02-09T16:56:49","date_gmt":"2018-02-09T15:56:49","guid":{"rendered":"http:\/\/www.messinaoggi.it\/website\/?p=15480"},"modified":"2018-02-09T16:56:49","modified_gmt":"2018-02-09T15:56:49","slug":"taormina-scuole-invase-da-topi-e-insetti-scatta-la-disinfestazione","status":"publish","type":"post","link":"https:\/\/www.messinaoggi.it\/website\/2018\/02\/09\/taormina-scuole-invase-da-topi-e-insetti-scatta-la-disinfestazione\/","title":{"rendered":"Taormina: scuole invase da topi e insetti, scatta la disinfestazione"},"content":{"rendered":"<p>A seguito della richiesta del dirigente scolastico dell\u2019Istituto comprensivo, Carla Santoro, con la quale si segnala la saltuaria presenza di insetti, topi, scarafaggi e insetti vari, il sindaco di Taormina, Eligio Giardina, ha deciso la chiusura di tutti gli istituti scolastici di ogni ordine e grado di<br \/>\nTaormina centro e frazioni nei giorni di luned\u00ec, marted\u00ec e mercoled\u00ec.<br \/>\nIn queste giornate si dovr\u00e0 effettuare un intervento di disinfestazione e derattizzazione dei plessi scolastici e delle adiacenze.<div id=\"div-gpt-ad-Messinaoggi.it-DSK-300x250-corpoart\" style=\"text-align:center;margin:0 auto;\"><\/div><\/p>\n<div id=\"videoincontent\" style=\"clear:both\";><\/div>","protected":false},"excerpt":{"rendered":"<p>A seguito della richiesta del dirigente scolastico dell\u2019Istituto comprensivo, Carla Santoro, con la quale si segnala la saltuaria presenza di insetti, topi, scarafaggi e insetti vari, il sindaco di Taormina, Eligio Giardina, ha deciso la chiusura di tutti gli istituti scolastici di ogni ordine e grado di Taormina centro e frazioni nei giorni di luned\u00ec, [&hellip;]<\/p>\n","protected":false},"author":2,"featured_media":15481,"comment_status":"closed","ping_status":"open","sticky":false,"template":"","format":"standard","meta":{"ub_ctt_via":"","_mi_skip_tracking":false},"categories":[3],"tags":[],"featured_image_src":"https:\/\/www.messinaoggi.it\/website\/wp-content\/uploads\/2018\/02\/IMG-20180209-WA0006-1.jpg","author_info":{"display_name":"Redazione","author_link":"https:\/\/www.messinaoggi.it\/website\/author\/redazione\/"},"digistream_id":0,"digistream":false,"_links":{"self":[{"href":"https:\/\/www.messinaoggi.it\/website\/wp-json\/wp\/v2\/posts\/15480"}],"collection":[{"href":"https:\/\/www.messinaoggi.it\/website\/wp-json\/wp\/v2\/posts"}],"about":[{"href":"https:\/\/www.messinaoggi.it\/website\/wp-json\/wp\/v2\/types\/post"}],"author":[{"embeddable":true,"href":"https:\/\/www.messinaoggi.it\/website\/wp-json\/wp\/v2\/users\/2"}],"replies":[{"embeddable":true,"href":"https:\/\/www.messinaoggi.it\/website\/wp-json\/wp\/v2\/comments?post=15480"}],"version-history":[{"count":0,"href":"https:\/\/www.messinaoggi.it\/website\/wp-json\/wp\/v2\/posts\/15480\/revisions"}],"wp:featuredmedia":[{"embeddable":true,"href":"https:\/\/www.messinaoggi.it\/website\/wp-json\/wp\/v2\/media\/15481"}],"wp:attachment":[{"href":"https:\/\/www.messinaoggi.it\/website\/wp-json\/wp\/v2\/media?parent=15480"}],"wp:term":[{"taxonomy":"category","embeddable":true,"href":"https:\/\/www.messinaoggi.it\/website\/wp-json\/wp\/v2\/categories?post=15480"},{"taxonomy":"post_tag","embeddable":true,"href":"https:\/\/www.messinaoggi.it\/website\/wp-json\/wp\/v2\/tags?post=15480"}],"curies":[{"name":"wp","href":"https:\/\/api.w.org\/{rel}","templated":true}]}}