{"id":154774,"date":"2023-05-12T10:44:37","date_gmt":"2023-05-12T08:44:37","guid":{"rendered":"http:\/\/www.messinaoggi.it\/website\/?p=154774"},"modified":"2023-05-12T10:44:38","modified_gmt":"2023-05-12T08:44:38","slug":"messina-iniziano-i-preparativi-per-la-campagna-antincendio-dei-boschi","status":"publish","type":"post","link":"https:\/\/www.messinaoggi.it\/website\/2023\/05\/12\/messina-iniziano-i-preparativi-per-la-campagna-antincendio-dei-boschi\/","title":{"rendered":"Messina, iniziano i preparativi per la campagna antincendio dei boschi"},"content":{"rendered":"\n<p>Messina si prepara a prevenire gli incendi boschivi, tipici della stagione estiva. Ieri si \u00e8 svolta in Prefettura una riunione finalizzata alla disamina delle iniziative e delle misure operative da attuare, in questo ambito territoriale, per contrastare il fenomeno degli incendi boschivi e di interfaccia in relazione all\u2019imminente stagione estiva. All\u2019incontro hanno partecipato, oltre ai rappresentanti delle forze di polizia, anche i soggetti istituzionali, statali e regionali, a vario titolo coinvolti nelle attivit\u00e0 antincendio di questa provincia e nella gestione delle principali reti viarie e di distribuzione dell\u2019energia.<div id=\"div-gpt-ad-Messinaoggi.it-DSK-300x250-corpoart\" style=\"text-align:center;margin:0 auto;\"><\/div><\/p>\n\n\n\n<p>Pur premettendo che la campagna antincendio nella Regione Siciliana non \u00e8 stata ancora avviata, \u00e8 stato tuttavia precisato che l\u2019incontro di ieri si \u00e8 reso necessario al fine di individuare &#8211; per tempo &#8211;  gli interventi migliorativi del sistema di prevenzione e contrasto da realizzarsi a livello locale nonch\u00e9  le iniziative a tutela della pubblica e privata incolumit\u00e0 ed a salvaguardia del patrimonio naturale ed ambientale del territorio. A tal proposito \u00e8 stata ribadita la necessit\u00e0 di inviare ai sindaci dei comuni della provincia \u2013 analogamente a quanto gi\u00e0 fatto gli anni scorsi \u2013 una apposita direttiva finalizzata a richiamarne l\u2019attenzione sull\u2019importanza di adottare mirate ordinanze volte a vietare l\u2019accensione di fuochi o braci per eliminare residui vegetali durante il periodo di massimo rischio incendi e, nel contempo, obbligare i proprietari dei fondi incolti ad attuare interventi di pulizia dei terreni, specie di quelli adiacenti non solo alle reti viarie di comunicazione ma anche ad insediamenti di particolare valore sociale, anche mediante interventi sostitutivi in \u201cdanno\u201d. <div id=\"videoincontent\" style=\"clear:both\";><\/div><\/p>\n\n\n\n<p>Fra le principali iniziative da mettere in campo per prevenire il possibile innesco di incendi ci si \u00e8  soffermati, in particolare, sull\u2019importanza che assume la pulizia delle fasce di rispetto stradale, per eliminare il materiale facilmente soggetto a combustione, da parte della citt\u00e0 metropolitana, dei Comuni, di Anas e del Cas,  nonch\u00e9  la bonifica delle aree adiacenti alla sede ferroviaria a cura di RFI e di quelle interessate al passaggio degli elettrodotti gestiti da ENEL e TERNA, come  pure la necessit\u00e0 di realizzare sentieri \u201ctagliafuoco\u201d a cura del Dipartimento per lo Sviluppo Rurale e Territoriale \u2013 Servizio di Messina.<\/p>\n\n\n\n<p>Infine, nel dare atto come la capillare presenza sul territorio dell\u2019Arma dei Carabinieri sia di particolare aiuto nell\u2019opera di controllo delle aree boschive, specie in prossimit\u00e0 dei centri abitati, \u00e8 stato raccomandato il rafforzamento del controllo del territorio da parte di tutte le Forze di Polizia cos\u00ec da elevare l\u2019opera di prevenzione e deterrenza nei confronti dei possibili autori di atti incendiari.  <\/p>\n","protected":false},"excerpt":{"rendered":"<p>Messina si prepara a prevenire gli incendi boschivi, tipici della stagione estiva. Ieri si \u00e8 svolta in Prefettura una riunione finalizzata alla disamina delle iniziative e delle misure operative da attuare, in questo ambito territoriale, per contrastare il fenomeno degli incendi boschivi e di interfaccia in relazione all\u2019imminente stagione estiva. All\u2019incontro hanno partecipato, oltre ai [&hellip;]<\/p>\n","protected":false},"author":8,"featured_media":121224,"comment_status":"open","ping_status":"open","sticky":false,"template":"","format":"standard","meta":{"ub_ctt_via":"","_mi_skip_tracking":false},"categories":[5],"tags":[2680,28],"featured_image_src":"https:\/\/www.messinaoggi.it\/website\/wp-content\/uploads\/2022\/09\/incendio.jpeg","author_info":{"display_name":"red..me","author_link":"https:\/\/www.messinaoggi.it\/website\/author\/redstage\/"},"digistream_id":0,"digistream":false,"_links":{"self":[{"href":"https:\/\/www.messinaoggi.it\/website\/wp-json\/wp\/v2\/posts\/154774"}],"collection":[{"href":"https:\/\/www.messinaoggi.it\/website\/wp-json\/wp\/v2\/posts"}],"about":[{"href":"https:\/\/www.messinaoggi.it\/website\/wp-json\/wp\/v2\/types\/post"}],"author":[{"embeddable":true,"href":"https:\/\/www.messinaoggi.it\/website\/wp-json\/wp\/v2\/users\/8"}],"replies":[{"embeddable":true,"href":"https:\/\/www.messinaoggi.it\/website\/wp-json\/wp\/v2\/comments?post=154774"}],"version-history":[{"count":1,"href":"https:\/\/www.messinaoggi.it\/website\/wp-json\/wp\/v2\/posts\/154774\/revisions"}],"predecessor-version":[{"id":154775,"href":"https:\/\/www.messinaoggi.it\/website\/wp-json\/wp\/v2\/posts\/154774\/revisions\/154775"}],"wp:featuredmedia":[{"embeddable":true,"href":"https:\/\/www.messinaoggi.it\/website\/wp-json\/wp\/v2\/media\/121224"}],"wp:attachment":[{"href":"https:\/\/www.messinaoggi.it\/website\/wp-json\/wp\/v2\/media?parent=154774"}],"wp:term":[{"taxonomy":"category","embeddable":true,"href":"https:\/\/www.messinaoggi.it\/website\/wp-json\/wp\/v2\/categories?post=154774"},{"taxonomy":"post_tag","embeddable":true,"href":"https:\/\/www.messinaoggi.it\/website\/wp-json\/wp\/v2\/tags?post=154774"}],"curies":[{"name":"wp","href":"https:\/\/api.w.org\/{rel}","templated":true}]}}