{"id":154756,"date":"2023-05-12T09:57:44","date_gmt":"2023-05-12T07:57:44","guid":{"rendered":"http:\/\/www.messinaoggi.it\/website\/?p=154756"},"modified":"2023-05-12T09:58:08","modified_gmt":"2023-05-12T07:58:08","slug":"stasera-facciamo-arte-spopola-a-messina","status":"publish","type":"post","link":"https:\/\/www.messinaoggi.it\/website\/2023\/05\/12\/stasera-facciamo-arte-spopola-a-messina\/","title":{"rendered":"&#8220;Stasera facciamo Arte&#8221; spopola a Messina"},"content":{"rendered":"\n<p>La serata \u00e8 iniziata con una grande affluenza di pubblico. \u00c8 stato record di presenze, che hanno superato le pi\u00f9 alte delle previsioni, ed \u00e8 stato pertanto necessario aggiungere posti a sedere. Presente una parte della stampa cittadina con una rappresentanza proveniente dalla provincia. Immancabile il mondo degli artisti, voluto fortemente da <strong>Francesco Bavastrelli, <\/strong>promotore dell&#8217;evento organizzato nell&#8217;ambito della sua seconda mostra personale &#8220;Emozioni a Colori&#8221; in esposizione al Salotto Fellini di Messina.<div id=\"div-gpt-ad-Messinaoggi.it-DSK-300x250-corpoart\" style=\"text-align:center;margin:0 auto;\"><\/div><\/p>\n\n\n\n<p><br>&#8220;Stasera facciamo Arte&#8221; rientra nel filone che fissa l&#8217;obiettivo di avvicinare la gente comune all&#8217;arte. Il lietmotiv per Bavastrelli \u00e8 inequivocabile: &#8220;l\u02bcArte deve essere per tutti&#8221;. E cos\u00ec \u00e8 stato, anche ieri come in tutti gli altri suoi spettacoli, con la sfida all&#8217;ultimo colore che ha visto da un lato sul &#8216;ring&#8217; due pittori messinesi legati dalla stessa passione per l&#8217;astrattismo e, dall&#8217;altro, ad un passo da una vera officina artistica, tutti coloro i quali hanno sentito il richiamo alla socializzazione e alla convivialit\u00e0 all&#8217;insegna della cultura.<br>Nel corso della serata, <strong>Francesco Bavastrelli <\/strong>e<strong> Dimitri Salonia<\/strong> hanno realizzato con tecniche diverse due dipinti estemporanei, uno dei quali \u00e8 stato estratto a sorte tra tutti i partecipanti all&#8217;evento per essere assegnato ad un fortunato presente in sala. <div id=\"videoincontent\" style=\"clear:both\";><\/div><\/p>\n\n\n\n<p>L&#8217;altro quadro, invece, \u00e8 andato all&#8217;associazione &#8220;Il sogno di Morgan&#8221;, che si batte per regalare un esoscheletro ad un figlio di Messina in sedia a rotelle con il desiderio di camminare sin da quando era solo un bambino. La tela \u00e8 stata presa in consegna dalla presidente, <strong>Giusy Oliva.<\/strong><\/p>\n\n\n\n<p><br>Tutto si \u00e8 concluso in musica, tra balli e scatti fotografici, in allegria e con la consapevolezza che un filo diretto tra i dipinti e chi li guarda pu\u00f2 esistere quando si riesce a parlare di Arte e ad organizzarla con l&#8217;abilit\u00e0 e con la passione di cui gli artisti sono portatori esemplari. Tutti a casa felici e via ad iniziative analoghe!<\/p>\n","protected":false},"excerpt":{"rendered":"<p>La serata \u00e8 iniziata con una grande affluenza di pubblico. \u00c8 stato record di presenze, che hanno superato le pi\u00f9 alte delle previsioni, ed \u00e8 stato pertanto necessario aggiungere posti a sedere. Presente una parte della stampa cittadina con una rappresentanza proveniente dalla provincia. Immancabile il mondo degli artisti, voluto fortemente da Francesco Bavastrelli, promotore [&hellip;]<\/p>\n","protected":false},"author":15,"featured_media":154757,"comment_status":"open","ping_status":"open","sticky":false,"template":"","format":"standard","meta":{"ub_ctt_via":"","_mi_skip_tracking":false},"categories":[16],"tags":[3024,4372,5789,7700,7702],"featured_image_src":"https:\/\/www.messinaoggi.it\/website\/wp-content\/uploads\/2023\/05\/Stasera-facciamo-arte.jpeg","author_info":{"display_name":"red.me","author_link":"https:\/\/www.messinaoggi.it\/website\/author\/red-me\/"},"digistream_id":0,"digistream":false,"_links":{"self":[{"href":"https:\/\/www.messinaoggi.it\/website\/wp-json\/wp\/v2\/posts\/154756"}],"collection":[{"href":"https:\/\/www.messinaoggi.it\/website\/wp-json\/wp\/v2\/posts"}],"about":[{"href":"https:\/\/www.messinaoggi.it\/website\/wp-json\/wp\/v2\/types\/post"}],"author":[{"embeddable":true,"href":"https:\/\/www.messinaoggi.it\/website\/wp-json\/wp\/v2\/users\/15"}],"replies":[{"embeddable":true,"href":"https:\/\/www.messinaoggi.it\/website\/wp-json\/wp\/v2\/comments?post=154756"}],"version-history":[{"count":1,"href":"https:\/\/www.messinaoggi.it\/website\/wp-json\/wp\/v2\/posts\/154756\/revisions"}],"predecessor-version":[{"id":154758,"href":"https:\/\/www.messinaoggi.it\/website\/wp-json\/wp\/v2\/posts\/154756\/revisions\/154758"}],"wp:featuredmedia":[{"embeddable":true,"href":"https:\/\/www.messinaoggi.it\/website\/wp-json\/wp\/v2\/media\/154757"}],"wp:attachment":[{"href":"https:\/\/www.messinaoggi.it\/website\/wp-json\/wp\/v2\/media?parent=154756"}],"wp:term":[{"taxonomy":"category","embeddable":true,"href":"https:\/\/www.messinaoggi.it\/website\/wp-json\/wp\/v2\/categories?post=154756"},{"taxonomy":"post_tag","embeddable":true,"href":"https:\/\/www.messinaoggi.it\/website\/wp-json\/wp\/v2\/tags?post=154756"}],"curies":[{"name":"wp","href":"https:\/\/api.w.org\/{rel}","templated":true}]}}