{"id":154745,"date":"2023-05-12T10:02:18","date_gmt":"2023-05-12T08:02:18","guid":{"rendered":"http:\/\/www.messinaoggi.it\/website\/?p=154745"},"modified":"2023-05-12T14:43:00","modified_gmt":"2023-05-12T12:43:00","slug":"esclusivo-ponte-tutte-le-aree-di-esproprio-a-sperone","status":"publish","type":"post","link":"https:\/\/www.messinaoggi.it\/website\/2023\/05\/12\/esclusivo-ponte-tutte-le-aree-di-esproprio-a-sperone\/","title":{"rendered":"ESCLUSIVO\/ Ponte: tutte le aree di esproprio a Sperone"},"content":{"rendered":"\n<p>&#8220;Finestra sul Ponte&#8221;, rubrica curata dall&#8217;ing. <strong>Peppe Palamara<\/strong>, si occupa oggi degli espropri di contrada Sperone, laddove sar\u00e0 realizzato il casello d&#8217;ingresso al Ponte sullo Stretto di Messina.<div id=\"div-gpt-ad-Messinaoggi.it-DSK-300x250-corpoart\" style=\"text-align:center;margin:0 auto;\"><\/div><\/p>\n\n\n\n<p><strong>di Peppe Palamara \u00a9<\/strong><div id=\"videoincontent\" style=\"clear:both\";><\/div><\/p>\n\n\n\n<p>In questa ottava puntata de \u201cLa finestra sul ponte\u201d andiamo ad esaminare l\u2019area in cui sorger\u00e0 il cosiddetto (termine usato nel progetto esecutivo) <em>piazzale di esazione<\/em>, che altri non \u00e8  se non il casello ove si pagher\u00e0 il pedaggio per attraversare il ponte sullo stretto di Messina.<\/p>\n\n\n\n<p>Gli espropri riguarderanno una zona di <strong>Sperone<\/strong> e pi\u00f9 precisamente la collinetta sopra <strong>Mortelle<\/strong>, pi\u00f9 o meno in corrispondenza del lido \u201c<strong>Spiagge d\u2019oro<\/strong>\u201d e cio\u00e8 dal km 13 in avanti verso il lido \u201c<strong>Le Dune<\/strong>\u201d.<\/p>\n\n\n\n<p>Gli espropri riguarderanno i fogli 22 e 43 del Comune di Messina e <strong>verranno demoliti in tutto 18 fabbricati<\/strong>, 14 ville (11 nel foglio 43 e 3 nel foglio 22) e 4 fabbricati rurali e 4 fabbricati rurali (1 nel foglio 43 e 3 nel foglio 22).<\/p>\n\n\n\n<p>Ovviamente per l\u2019indennit\u00e0 di esproprio sono previsti due diversi prezzi e la base di partenza \u00e8 per i fabbricati rurali il valore massimo gi\u00e0 adottato dall\u2019ANAS per espropri per pubblica utilit\u00e0 e cio\u00e8 <strong>200 \u20ac\/q<\/strong>,  mentre per quanto riguarda i fabbricati residenziali si applica il valore medio stabilito dall\u2019OMI (osservatorio del mercato immobiliare dell\u2019Agenzia delle entrate, vedi figura 6) per la zona in oggetto e per ville e villini trattandosi in questo caso solo di questo tipo di edifici residenziali, in questo caso <strong>1.750 \u20ac\/mq<\/strong>.<\/p>\n\n\n\n<p>Come gi\u00e0 fatto nella terza puntata allorquando abbiamo calcolato le indennit\u00e0 previste per Torre Faro\/Granatari, si sono adottati tre diversi prezzi. Il primo quello di partenza sopra descritto, il secondo quello applicato dallo Stato ad Altavilla Vicentina per la TAV, pari a 2,035 volte il prezzo base e l\u2019indennit\u00e0 tripla, prevista per la cessione volontaria dal testo unico per gli espropri per terreni agricoli e fabbricati rurali, ma eccezionalmente applicabile anche ai fabbricati residenziali.<\/p>\n\n\n\n<p><strong>Legenda<\/strong><\/p>\n\n\n\n<p>Rosa con retino verde = Per le superfici soggette ad interventi di riqualificazione ambientale<\/p>\n\n\n\n<p>Seppia = Per le superfici che si espropriano per ferrovia, deviazioni di strade e corsi d\u2019acqua<\/p>\n\n\n\n<p><br><\/p>\n\n\n\n<figure class=\"wp-block-image size-large\"><img loading=\"lazy\" width=\"1024\" height=\"844\" src=\"http:\/\/www.messinaoggi.it\/website\/wp-content\/uploads\/2023\/05\/0-1-3-1024x844.jpg\" alt=\"\" class=\"wp-image-154746\" srcset=\"https:\/\/www.messinaoggi.it\/website\/wp-content\/uploads\/2023\/05\/0-1-3-1024x844.jpg 1024w, https:\/\/www.messinaoggi.it\/website\/wp-content\/uploads\/2023\/05\/0-1-3-300x247.jpg 300w, https:\/\/www.messinaoggi.it\/website\/wp-content\/uploads\/2023\/05\/0-1-3-768x633.jpg 768w, https:\/\/www.messinaoggi.it\/website\/wp-content\/uploads\/2023\/05\/0-1-3.jpg 1098w\" sizes=\"(max-width: 1024px) 100vw, 1024px\" \/><figcaption><strong><em> Esproprio zona Sperone (collinetta sopra Mortelle) su ortofoto (fogli 22 e 43)<\/em><br><\/strong><\/figcaption><\/figure>\n\n\n\n<figure class=\"wp-block-image size-large\"><img loading=\"lazy\" width=\"860\" height=\"579\" src=\"http:\/\/www.messinaoggi.it\/website\/wp-content\/uploads\/2023\/05\/0-2-3.jpg\" alt=\"\" class=\"wp-image-154747\" srcset=\"https:\/\/www.messinaoggi.it\/website\/wp-content\/uploads\/2023\/05\/0-2-3.jpg 860w, https:\/\/www.messinaoggi.it\/website\/wp-content\/uploads\/2023\/05\/0-2-3-300x202.jpg 300w, https:\/\/www.messinaoggi.it\/website\/wp-content\/uploads\/2023\/05\/0-2-3-768x517.jpg 768w\" sizes=\"(max-width: 860px) 100vw, 860px\" \/><figcaption><strong>Il valore delle indennit\u00e0 che saranno corrisposte<\/strong><\/figcaption><\/figure>\n\n\n\n<figure class=\"wp-block-image size-large\"><img loading=\"lazy\" width=\"1024\" height=\"695\" src=\"http:\/\/www.messinaoggi.it\/website\/wp-content\/uploads\/2023\/05\/0-4-1-1024x695.jpg\" alt=\"\" class=\"wp-image-154749\" srcset=\"https:\/\/www.messinaoggi.it\/website\/wp-content\/uploads\/2023\/05\/0-4-1-1024x695.jpg 1024w, https:\/\/www.messinaoggi.it\/website\/wp-content\/uploads\/2023\/05\/0-4-1-300x204.jpg 300w, https:\/\/www.messinaoggi.it\/website\/wp-content\/uploads\/2023\/05\/0-4-1-768x521.jpg 768w, https:\/\/www.messinaoggi.it\/website\/wp-content\/uploads\/2023\/05\/0-4-1.jpg 1319w\" sizes=\"(max-width: 1024px) 100vw, 1024px\" \/><figcaption><strong>Demolizioni Foglio <\/strong>43<\/figcaption><\/figure>\n\n\n\n<figure class=\"wp-block-image size-large\"><img loading=\"lazy\" width=\"1024\" height=\"649\" src=\"http:\/\/www.messinaoggi.it\/website\/wp-content\/uploads\/2023\/05\/0-6-1024x649.jpg\" alt=\"\" class=\"wp-image-154751\" srcset=\"https:\/\/www.messinaoggi.it\/website\/wp-content\/uploads\/2023\/05\/0-6-1024x649.jpg 1024w, https:\/\/www.messinaoggi.it\/website\/wp-content\/uploads\/2023\/05\/0-6-300x190.jpg 300w, https:\/\/www.messinaoggi.it\/website\/wp-content\/uploads\/2023\/05\/0-6-768x487.jpg 768w, https:\/\/www.messinaoggi.it\/website\/wp-content\/uploads\/2023\/05\/0-6.jpg 1419w\" sizes=\"(max-width: 1024px) 100vw, 1024px\" \/><figcaption><strong>Banca dati quotazioni immobiliari<\/strong><\/figcaption><\/figure>\n\n\n\n<figure class=\"wp-block-image size-large\"><img loading=\"lazy\" width=\"1024\" height=\"700\" src=\"https:\/\/www.messinaoggi.it\/website\/wp-content\/uploads\/2023\/05\/unnamed-5-1024x700.jpg\" alt=\"\" class=\"wp-image-154799\" srcset=\"https:\/\/www.messinaoggi.it\/website\/wp-content\/uploads\/2023\/05\/unnamed-5-1024x700.jpg 1024w, https:\/\/www.messinaoggi.it\/website\/wp-content\/uploads\/2023\/05\/unnamed-5-300x205.jpg 300w, https:\/\/www.messinaoggi.it\/website\/wp-content\/uploads\/2023\/05\/unnamed-5-768x525.jpg 768w, https:\/\/www.messinaoggi.it\/website\/wp-content\/uploads\/2023\/05\/unnamed-5.jpg 1311w\" sizes=\"(max-width: 1024px) 100vw, 1024px\" \/><figcaption><strong>Demolizioni Foglio 22<\/strong><\/figcaption><\/figure>\n\n\n\n<p><strong>PIAZZALE DI ESAZIONE (dalla tavola SS0943)<\/strong><\/p>\n\n\n\n<p>La stazione di esazione si compone di alcuni fabbricati ed opere impiantistiche funzionali al corretto svolgimento delle attivit\u00e0 di competenza di questo importante snodo autostradale. Essa \u00e8 composta dai seguenti manufatti:<\/p>\n\n\n\n<p>&#8211; area di esazione<\/p>\n\n\n\n<p>&#8211; Piazzale di esazione<\/p>\n\n\n\n<p>&#8211; Fabbricato di stazione<\/p>\n\n\n\n<p>&#8211; Fabbricati impianti tecnologici<\/p>\n\n\n\n<p>&#8211; Parcheggi di sosta per il personale<\/p>\n\n\n\n<p>&#8211; Opere accessorie<\/p>\n\n\n\n<p>Il piazzale autostradale \u00e8 costituito da undici porte, di cui tre porte reversibili, protette da una pensilina di copertura in carpenteria metallica. Un cunicolo impiantistico, ad una canna e a servizio del personale, collega le isole con il fabbricato uffici esattori e con i fabbricati tecnologici.<\/p>\n\n\n\n<p>Il piazzale esattori, opportunamente delimitato da una recinzione metallica, comprende il fabbricato uffici destinato al personale della barriera e due fabbricati tecnologici per accogliere tutti gli approntamenti impiantistici, nonch\u00e9 alcuni parcheggi coperti. Tra le opere accessorie, \u00e8 stata prevista la realizzazione di un collegamento interrato tra il parcheggio autostradale direzione Reggio Calabria ed il piazzale esattori, al fine di garantire l\u2019accesso al centro servizi da parte dell\u2019utenza.<\/p>\n\n\n\n<p><strong>ACCORDO PER GLI ESPROPRI TRA IL CONTRAENTE GENERALE E LA CTT\u00c0 (settembre 2011)<\/strong><\/p>\n\n\n\n<p>Si ricorda in questa sede che gi\u00f9 nel 2011 era stato fatto un accordo per gli espropri, \u00e8 probabile che questo accordo debba essere rivisto, tuttavia riportiamo la notizia stampa dell\u2019epoca per completezza di informazione.<\/p>\n\n\n\n<figure class=\"wp-block-image size-large\"><img loading=\"lazy\" width=\"966\" height=\"622\" src=\"http:\/\/www.messinaoggi.it\/website\/wp-content\/uploads\/2023\/05\/0-5-1.jpg\" alt=\"\" class=\"wp-image-154750\" srcset=\"https:\/\/www.messinaoggi.it\/website\/wp-content\/uploads\/2023\/05\/0-5-1.jpg 966w, https:\/\/www.messinaoggi.it\/website\/wp-content\/uploads\/2023\/05\/0-5-1-300x193.jpg 300w, https:\/\/www.messinaoggi.it\/website\/wp-content\/uploads\/2023\/05\/0-5-1-768x495.jpg 768w, https:\/\/www.messinaoggi.it\/website\/wp-content\/uploads\/2023\/05\/0-5-1-100x65.jpg 100w\" sizes=\"(max-width: 966px) 100vw, 966px\" \/><figcaption><strong><em> Rendering piazzale d\u2019esazione (progetto definitivo varie tavole)<\/em><br><\/strong><\/figcaption><\/figure>\n\n\n\n<p><em>L\u2019\u00abAccordo sulle procedure e metodologie da adottare per la determinazione delle indennit\u00e0 di espropriazione per la realizzazione dell\u2019attraversamento stabile dello Stretto di Messina\u00bb. A firmare il documento sono stati il sindaco Giuseppe Buzzanca, l\u2019amministratore delegato della Stretto di Messina Spa Pietro Ciucci, l\u2019amministratore delegato di Eurolink Michele Leone, il presidente della federazione provinciale Coldiretti Giuseppe Piccolo, l\u2019avv. Carmelo Correnti dell\u2019Unione piccoli proprietari immobiliari e l\u2019avv. Pietro Ruggeri dell\u2019associazione sindacale Piccola propriet\u00e0 immobiliare. Con il protocollo si stabiliscono: le procedure per l\u2019acquisizione degli immobili, mediante accordo bonario o di cessione volontaria; i criteri di valutazione degli indennizzi spettanti ai soggetti espropriati e a coloro che, pur non privati del loro bene, subiscono un danno apprezzabile dalla realizzazione dell&#8217;opera; le modalit\u00e0 ed i tempi pagamento degli indennizzi; le procedure volte a favorire la mediazione ed evitare i tempi ed i costi del contenzioso. (da Tempostretto dell\u20198 settembre 2011)<\/em>.<\/p>\n\n\n\n<p><strong>I TEMPI DELL\u2019ATTIVIT\u00c0 DI ESPROPRIO<\/strong><\/p>\n\n\n\n<p>Si tratta di un\u2019elaborazione del sottoscritto basata sulle dichiarazioni del Governo sulla data di inizio dei lavori e la previsione per l\u2019acquisizione aree prevista dal cronoprogramma del progetto definitivo (tavole SE0001 e GE0042 \u2013 parte B).<\/p>\n\n\n\n<p>L&#8217;acquisizione delle aree (tutta la trafila espropri, dalle lettere gi\u00e0 inviate all&#8217;ultima demolizione), era un&#8217;attivit\u00e0 che richiedeva quasi 10 anni nel progetto definitivo (si calcoli che 6 sono gli anni per costruire il ponte, ma MILESTONES e OPERE DI COMPENSAZIONE non rientrano). Traslando, come da nuovo iter, di 12 anni e 3 mesi (ergo <strong>inizio lavori ponte 9 luglio 2024<\/strong>), l&#8217;attivit\u00e0 espropriativa sarebbe cominciata il 14\/09\/2022 e, per Torre Faro, dovrebbe essere completata entro il 14\/09\/2024 data di inizio opera di fondazione della torre sicula. Dunque le ruspe al Margi potrebbero iniziare la loro lavorazione (<strong>100 case da demolire del solo foglio 46<\/strong>) ragionevolmente appunto il 09\/07\/2024 e terminare in due mesi. Ci sta.<\/p>\n\n\n\n<p>Si ricorda che l\u2019ing. Michele Longo di WeBuild audito alla Camera dei deputati il 18\/04\/2023 ha detto che <strong>il progetto esecutivo sar\u00e0 consegnato ed automaticamente approvato<\/strong>, da quel 18 aprile a 8 mesi e cio\u00e8 <strong>entro il 18\/12\/2023<\/strong>. \u00c8 dunque congruo per l\u2019inizio lavori del ponte annunciato dal Governo per luglio 2024 (il sottoscritto ha scelto il 09\/07\/2024 per poter facilmente traslare di 12 anni e tre mesi l\u2019inizio lavori previsto dal progetto definitivo che era il 09\/04\/2012. Il milestones era cominciato il 02\/10\/2009 con la firma dell\u2019accordo tra lo Stato e il contraente generale e il 23\/12\/2009 con l\u2019inizio dei cantieri (variante Cannitello). Di seguito i link alle fonti.<\/p>\n\n\n\n<p><a href=\"https:\/\/l.facebook.com\/l.php?u=https%3A%2F%2Fwww.ilsole24ore.com%2Fart%2Fponte-stretto-decreto-va-gazzetta-AEnhNMCD%3Ffbclid%3DIwAR1bLWiVMyLx2S_qnskK_13tcLnCQU_-Shaq2ZFsct2_7nTi0WMFw5YyFWg&amp;h=AT0HNqPBEeXsIE9Qkq3RGQU3PKK9qYNRrQ7c8wlgGI8xn3wW6_TxHJaBbhh8JOQa7BOrHeNLudWYKhBdzhubbNiONHo4N_43LgxICHO_045qZi11Oabe3V8ImT3gbs0vjA&amp;__tn__=-UK-R&amp;c%5b0%5d=AT2SdFUMneqRQy-7lbkYy_FJt72zBQQ4-4z0MTmvqStEzcSVCeyvw5Qqc2gov-k9u6F_vURfBr-msI_OCabwgEFchgBd8npxI5z38TfFtemzt834lPMcWhrMZ9W6eiENDKp0l3q-yEzNoQk__PlGaV4WyyhEYgIXOZhLAqoic9iYQQHXjDjOB1VQdTaDm65dKvi4DhZQpG8LVr7ukqXAXNQusr3Ng0mF88BU\">Dichiarazione del Governo su data inizio lavori<\/a><\/p>\n\n\n\n<p><a href=\"https:\/\/l.facebook.com\/l.php?u=https%3A%2F%2Fwww.corrieredellacalabria.it%2F2023%2F04%2F18%2Fponte-sullo-stretto-webuild-pronti-a-realizzarlo-in-sei-anni%2F%3Ffbclid%3DIwAR1elWik-RqlDbTS0LXHAP3I2bepgl71Hmor5Xq2Xw4F13FJYClAJilZ36I&amp;h=AT0ie4JbUkpKHVQd0WTxDLsuY7gu64DEKuANF3yLpdvgBbDg6t3UQOd1cHnqIGGI0wDmf6s6UE_D_l8GtI9VD6KIGtJxgmtJojvA0ZZwTOb4xty2OKdAOoDUjgP_3Y1Q6Q&amp;__tn__=-UK-R&amp;c%5b0%5d=AT2SdFUMneqRQy-7lbkYy_FJt72zBQQ4-4z0MTmvqStEzcSVCeyvw5Qqc2gov-k9u6F_vURfBr-msI_OCabwgEFchgBd8npxI5z38TfFtemzt834lPMcWhrMZ9W6eiENDKp0l3q-yEzNoQk__PlGaV4WyyhEYgIXOZhLAqoic9iYQQHXjDjOB1VQdTaDm65dKvi4DhZQpG8LVr7ukqXAXNQusr3Ng0mF88BU\">Dichiarazione dell\u2019ing. Michele Longo (WeBuild) alla Camera il 18\/04\/2023<\/a><\/p>\n\n\n\n<p><strong>LE PRECEDENTI PUNTATE DELLA &#8220;FINESTRA SUL PONTE&#8221;<\/strong><\/p>\n\n\n\n<p><a href=\"https:\/\/sites.google.com\/view\/la-finestra-sul-ponte\">https:\/\/sites.google.com\/view\/la-finestra-sul-ponte<\/a><\/p>\n\n\n\n<p><\/p>\n","protected":false},"excerpt":{"rendered":"<p>&#8220;Finestra sul Ponte&#8221;, rubrica curata dall&#8217;ing. Peppe Palamara, si occupa oggi degli espropri di contrada Sperone, laddove sar\u00e0 realizzato il casello d&#8217;ingresso al Ponte sullo Stretto di Messina. di Peppe Palamara \u00a9 In questa ottava puntata de \u201cLa finestra sul ponte\u201d andiamo ad esaminare l\u2019area in cui sorger\u00e0 il cosiddetto (termine usato nel progetto esecutivo) [&hellip;]<\/p>\n","protected":false},"author":2,"featured_media":154752,"comment_status":"open","ping_status":"open","sticky":false,"template":"","format":"standard","meta":{"ub_ctt_via":"","_mi_skip_tracking":false},"categories":[19],"tags":[7799,7790,7347,7349],"featured_image_src":"https:\/\/www.messinaoggi.it\/website\/wp-content\/uploads\/2023\/05\/0-7.jpg","author_info":{"display_name":"Redazione","author_link":"https:\/\/www.messinaoggi.it\/website\/author\/redazione\/"},"digistream_id":0,"digistream":false,"_links":{"self":[{"href":"https:\/\/www.messinaoggi.it\/website\/wp-json\/wp\/v2\/posts\/154745"}],"collection":[{"href":"https:\/\/www.messinaoggi.it\/website\/wp-json\/wp\/v2\/posts"}],"about":[{"href":"https:\/\/www.messinaoggi.it\/website\/wp-json\/wp\/v2\/types\/post"}],"author":[{"embeddable":true,"href":"https:\/\/www.messinaoggi.it\/website\/wp-json\/wp\/v2\/users\/2"}],"replies":[{"embeddable":true,"href":"https:\/\/www.messinaoggi.it\/website\/wp-json\/wp\/v2\/comments?post=154745"}],"version-history":[{"count":4,"href":"https:\/\/www.messinaoggi.it\/website\/wp-json\/wp\/v2\/posts\/154745\/revisions"}],"predecessor-version":[{"id":154800,"href":"https:\/\/www.messinaoggi.it\/website\/wp-json\/wp\/v2\/posts\/154745\/revisions\/154800"}],"wp:featuredmedia":[{"embeddable":true,"href":"https:\/\/www.messinaoggi.it\/website\/wp-json\/wp\/v2\/media\/154752"}],"wp:attachment":[{"href":"https:\/\/www.messinaoggi.it\/website\/wp-json\/wp\/v2\/media?parent=154745"}],"wp:term":[{"taxonomy":"category","embeddable":true,"href":"https:\/\/www.messinaoggi.it\/website\/wp-json\/wp\/v2\/categories?post=154745"},{"taxonomy":"post_tag","embeddable":true,"href":"https:\/\/www.messinaoggi.it\/website\/wp-json\/wp\/v2\/tags?post=154745"}],"curies":[{"name":"wp","href":"https:\/\/api.w.org\/{rel}","templated":true}]}}