{"id":154703,"date":"2023-05-11T18:08:25","date_gmt":"2023-05-11T16:08:25","guid":{"rendered":"https:\/\/www.messinaoggi.it\/website\/2023\/05\/11\/schillaci-la-ricetta-elettronica-diventa-definitiva\/"},"modified":"2023-05-11T18:10:31","modified_gmt":"2023-05-11T16:10:31","slug":"schillaci-la-ricetta-elettronica-diventa-definitiva","status":"publish","type":"post","link":"https:\/\/www.messinaoggi.it\/website\/2023\/05\/11\/schillaci-la-ricetta-elettronica-diventa-definitiva\/","title":{"rendered":"Schillaci \u201cLa ricetta elettronica diventa definitiva\u201d"},"content":{"rendered":"<div>ROMA (ITALPRESS) &#8211; &#8220;Abbiamo reso strutturale la ricetta elettronica, sia quella rossa che quella bianca, molto apprezzata da cittadini e medici. Abbiamo ritenuto che fosse giusto porre fine alla sperimentazione e alle proroghe per semplificare il lavoro dei medici di famiglia e la vita dei cittadini che non dovranno recarsi negli studi medici ma potranno ricevere la ricetta tramite mail o altri canali sul proprio cellulare&#8221;. <br \/>Cos\u00ec il ministro della Salute, Orazio Schillaci, in merito alle misure per la salute contenute nel Dl Semplificazioni approvato dal Consiglio dei ministri. Il provvedimento contiene anche un&#8217;altra importante novit\u00e0 che riguarda i pazienti cronici per i quali la ricetta dematerializzata sar\u00e0 valida per un anno e permetter\u00e0 di fare scorta di farmaci per 30 giorni di terapia, sempre in base alle indicazioni del medico.<br \/>&#8220;Un malato cronico ha bisogno periodicamente di assumere lo stesso farmaco &#8211; aggiunge il ministro &#8211; grazie a questa norma i pazienti o chi si prende cura di loro in caso di non autosufficienza, hanno il doppio vantaggio di non dover andare ripetutamente dal medico per ritirare la ricetta e ripetutamente in farmacia per ritirare i farmaci. Non dimentichiamo che molti pazienti cronici sono persone anziane, spesso affette da pi\u00f9 di una patologia cronica, non autosufficienti o che hanno difficolt\u00e0 a spostarsi. E&#8217; evidente la portata semplificativa di questa misura non solo per le persone ma anche per i medici di famiglia per i quali si alleggerisce il carico di lavoro amministrativo a vantaggio della cura dei pazienti&#8221;. <br \/>Il disegno di legge infine contiene una norma per far fronte alle carenze di medicinali che modifica l&#8217;attuale normativa rendendo pi\u00f9 tempestiva la comunicazione in caso di carenza e agevolando l&#8217;approvvigionamento dei farmaci. <br \/>In particolare, si stabilisce che la comunicazione delle aziende all&#8217;Aifa, in caso di interruzione temporanea o definitiva della commercializzazione di un farmaco, riguardi le singole confezioni dei medicinali e che la comunicazione di carenza sia effettuata entro due mesi e non pi\u00f9 quattro. Ci\u00f2 consentir\u00e0 ai medici di valutare per tempo i farmaci da prescrivere per il regolare proseguimento della terapia, evitando disorientamento e disagio ai pazienti preventivamente informati.<br \/>-foto agenziafotogramma.it-<br \/>(ITALPRESS).<\/div>\n<div id=\"div-gpt-ad-Messinaoggi.it-DSK-300x250-corpoart\" style=\"text-align:center;margin:0 auto;\"><\/div><\/p><div id=\"videoincontent\" style=\"clear:both\";><\/div>","protected":false},"excerpt":{"rendered":"<p>ROMA (ITALPRESS) &#8211; &#8220;Abbiamo reso strutturale la ricetta elettronica, sia quella rossa che quella bianca, molto apprezzata da cittadini e medici. Abbiamo ritenuto che fosse giusto porre fine alla sperimentazione e alle proroghe per semplificare il lavoro dei medici di famiglia e la vita dei cittadini che non dovranno recarsi negli studi medici ma potranno [&hellip;]<\/p>\n","protected":false},"author":18,"featured_media":154704,"comment_status":"closed","ping_status":"closed","sticky":false,"template":"","format":"standard","meta":{"ub_ctt_via":"","_mi_skip_tracking":false},"categories":[446,6],"tags":[783],"featured_image_src":"https:\/\/www.messinaoggi.it\/website\/wp-content\/uploads\/2023\/05\/20230511_1970.jpg","author_info":{"display_name":"Admin","author_link":"https:\/\/www.messinaoggi.it\/website\/author\/admin\/"},"digistream_id":0,"digistream":false,"_links":{"self":[{"href":"https:\/\/www.messinaoggi.it\/website\/wp-json\/wp\/v2\/posts\/154703"}],"collection":[{"href":"https:\/\/www.messinaoggi.it\/website\/wp-json\/wp\/v2\/posts"}],"about":[{"href":"https:\/\/www.messinaoggi.it\/website\/wp-json\/wp\/v2\/types\/post"}],"author":[{"embeddable":true,"href":"https:\/\/www.messinaoggi.it\/website\/wp-json\/wp\/v2\/users\/18"}],"replies":[{"embeddable":true,"href":"https:\/\/www.messinaoggi.it\/website\/wp-json\/wp\/v2\/comments?post=154703"}],"version-history":[{"count":1,"href":"https:\/\/www.messinaoggi.it\/website\/wp-json\/wp\/v2\/posts\/154703\/revisions"}],"predecessor-version":[{"id":154705,"href":"https:\/\/www.messinaoggi.it\/website\/wp-json\/wp\/v2\/posts\/154703\/revisions\/154705"}],"wp:featuredmedia":[{"embeddable":true,"href":"https:\/\/www.messinaoggi.it\/website\/wp-json\/wp\/v2\/media\/154704"}],"wp:attachment":[{"href":"https:\/\/www.messinaoggi.it\/website\/wp-json\/wp\/v2\/media?parent=154703"}],"wp:term":[{"taxonomy":"category","embeddable":true,"href":"https:\/\/www.messinaoggi.it\/website\/wp-json\/wp\/v2\/categories?post=154703"},{"taxonomy":"post_tag","embeddable":true,"href":"https:\/\/www.messinaoggi.it\/website\/wp-json\/wp\/v2\/tags?post=154703"}],"curies":[{"name":"wp","href":"https:\/\/api.w.org\/{rel}","templated":true}]}}