{"id":15462,"date":"2018-02-09T15:22:48","date_gmt":"2018-02-09T14:22:48","guid":{"rendered":"http:\/\/www.messinaoggi.it\/website\/?p=15462"},"modified":"2018-02-09T15:22:48","modified_gmt":"2018-02-09T14:22:48","slug":"de-cola-spegne-le-polemiche-su-prg-e-ponte","status":"publish","type":"post","link":"https:\/\/www.messinaoggi.it\/website\/2018\/02\/09\/de-cola-spegne-le-polemiche-su-prg-e-ponte\/","title":{"rendered":"De Cola spegne le polemiche su Prg e Ponte"},"content":{"rendered":"<p class=\"p1\"><span class=\"s1\">In merito a giudizi espressi sui social network in riferimento al progetto dal titolo provvisorio \u201cMessin..Tuta\u201d in fase di completamento, presentato ieri sera ai presidenti delle Circoscrizioni, l&#8217;assessore allo Sport, Sebastiano Pino, evidenzia che: \u201cCapisco che la voglia di esprimere giudizi superficiali senza conoscere i contenuti sia ormai un vezzo dilagante. Mi \u00e8 per\u00f2 doveroso sottolineare come in questo caso tutto ci\u00f2 si trasformi anche in mancanza di rispetto verso apprezzati professionisti che hanno lavorato al progetto, che utilizza un metodo riconosciuto ai pi\u00f9 alti livelli del C.O.N.I. nazionale. Al presidente della VIII Commissione &#8211; Sport e Cultura &#8211; al quale la presente \u00e8 inviata per conoscenza, chiedo di essere audito, unitamente ai tecnici che hanno predisposto il progetto, per illustrare e condividere le finalit\u00e0 dell\u2019iniziativa. L&#8217;idea nasce da un profondo dibattito che investe da anni il mondo sportivo e scientifico sulla necessit\u00e0, ormai non pi\u00f9 rinviabile, di intervenire nella prevenzione per combattere i tassi di obesit\u00e0 in fortissima crescita sia nei nostri bambini che negli adulti. Combattere la sedentariet\u00e0 \u00a0e convincere a praticare attivit\u00e0 sportive rappresenta un cambio culturale ed una scommessa che questo Assessorato vuole intraprendere. Mi sembra inutile sottolineare i numerosi effetti positivi che la pratica di semplici attivit\u00e0 motorie determinano sul sistema cardiocircolatorio, sul controllo del diabete ed in genere sul miglioramento del benessere psicofisico. Il progetto non si limita agli aspetti sportivi ma possiede soprattutto una forte valenza sociale e vedr\u00e0 coinvolti diversi Assessorati di questa Amministrazione. Si rivolger\u00e0 a tutte le fasce di et\u00e0, riservando un ruolo particolare ai nonni ed interesser\u00e0 tutte le scuole a partire da quelle per l\u2019infanzia. Quindi al centro del progetto un aspetto sociale importante basato sui rapporti intergenerazionali che, attraverso il gioco e la memoria, rappresenteranno un sicuro arricchimento per i nostri giovani. I presidenti delle Circoscrizioni presenti hanno manifestato interesse al progetto che deve necessariamente contare sull\u2019importante contributo che i quartieri potranno dare nell\u2019individuare idonei spazi aggregativi in zone strategiche dei quartieri, nelle scuole, negli oratori, nelle piazze, nelle spiagge ed ovunque sia possibile fare movimento con gioia. Il progetto verr\u00e0 avviato in via sperimentale con le scuole che aderiscono ai Patti Territoriali dell\u2019assessorato alla Pubblica Istruzione e vedr\u00e0 impegnati un centinaio di tutor tecnici (laureati in scienze motorie). L\u2019iniziativa si avvarr\u00e0 inoltre della preziosa collaborazione del CONI, del Panathlon Club di Messina e di altri enti pubblici e privati\u201d.<\/span><div id=\"div-gpt-ad-Messinaoggi.it-DSK-300x250-corpoart\" style=\"text-align:center;margin:0 auto;\"><\/div><\/p>\n<div id=\"videoincontent\" style=\"clear:both\";><\/div>","protected":false},"excerpt":{"rendered":"<p>In merito a giudizi espressi sui social network in riferimento al progetto dal titolo provvisorio \u201cMessin..Tuta\u201d in fase di completamento, presentato ieri sera ai presidenti delle Circoscrizioni, l&#8217;assessore allo Sport, Sebastiano Pino, evidenzia che: \u201cCapisco che la voglia di esprimere giudizi superficiali senza conoscere i contenuti sia ormai un vezzo dilagante. Mi \u00e8 per\u00f2 doveroso [&hellip;]<\/p>\n","protected":false},"author":2,"featured_media":2272,"comment_status":"closed","ping_status":"open","sticky":false,"template":"","format":"standard","meta":{"ub_ctt_via":"","_mi_skip_tracking":false},"categories":[5],"tags":[],"featured_image_src":"https:\/\/www.messinaoggi.it\/website\/wp-content\/uploads\/2017\/06\/sergio-de-cola-1-messinaoggi-2.jpg","author_info":{"display_name":"Redazione","author_link":"https:\/\/www.messinaoggi.it\/website\/author\/redazione\/"},"digistream_id":0,"digistream":false,"_links":{"self":[{"href":"https:\/\/www.messinaoggi.it\/website\/wp-json\/wp\/v2\/posts\/15462"}],"collection":[{"href":"https:\/\/www.messinaoggi.it\/website\/wp-json\/wp\/v2\/posts"}],"about":[{"href":"https:\/\/www.messinaoggi.it\/website\/wp-json\/wp\/v2\/types\/post"}],"author":[{"embeddable":true,"href":"https:\/\/www.messinaoggi.it\/website\/wp-json\/wp\/v2\/users\/2"}],"replies":[{"embeddable":true,"href":"https:\/\/www.messinaoggi.it\/website\/wp-json\/wp\/v2\/comments?post=15462"}],"version-history":[{"count":0,"href":"https:\/\/www.messinaoggi.it\/website\/wp-json\/wp\/v2\/posts\/15462\/revisions"}],"wp:featuredmedia":[{"embeddable":true,"href":"https:\/\/www.messinaoggi.it\/website\/wp-json\/wp\/v2\/media\/2272"}],"wp:attachment":[{"href":"https:\/\/www.messinaoggi.it\/website\/wp-json\/wp\/v2\/media?parent=15462"}],"wp:term":[{"taxonomy":"category","embeddable":true,"href":"https:\/\/www.messinaoggi.it\/website\/wp-json\/wp\/v2\/categories?post=15462"},{"taxonomy":"post_tag","embeddable":true,"href":"https:\/\/www.messinaoggi.it\/website\/wp-json\/wp\/v2\/tags?post=15462"}],"curies":[{"name":"wp","href":"https:\/\/api.w.org\/{rel}","templated":true}]}}