{"id":154600,"date":"2023-05-11T11:37:40","date_gmt":"2023-05-11T09:37:40","guid":{"rendered":"http:\/\/www.messinaoggi.it\/website\/?p=154600"},"modified":"2023-05-11T11:37:41","modified_gmt":"2023-05-11T09:37:41","slug":"finestra-sul-ponte-gli-espropri-a-sperone","status":"publish","type":"post","link":"https:\/\/www.messinaoggi.it\/website\/2023\/05\/11\/finestra-sul-ponte-gli-espropri-a-sperone\/","title":{"rendered":"Finestra sul Ponte, gli espropri a Sperone"},"content":{"rendered":"\n<p>Gli espropri in cui sorger\u00e0 il casello del Ponte sullo Stretto saranno al centro della nuova rubrica &#8220;Finestra sul Ponte&#8221;, curata dall&#8217;ing. <strong>Peppe Palamara<\/strong>.<div id=\"div-gpt-ad-Messinaoggi.it-DSK-300x250-corpoart\" style=\"text-align:center;margin:0 auto;\"><\/div><\/p>\n\n\n\n<div class=\"wp-block-image\"><figure class=\"alignleft size-large is-resized\"><img loading=\"lazy\" src=\"http:\/\/www.messinaoggi.it\/website\/wp-content\/uploads\/2023\/03\/0-1-5.jpg\" alt=\"\" class=\"wp-image-148924\" width=\"246\" height=\"247\" srcset=\"https:\/\/www.messinaoggi.it\/website\/wp-content\/uploads\/2023\/03\/0-1-5.jpg 505w, https:\/\/www.messinaoggi.it\/website\/wp-content\/uploads\/2023\/03\/0-1-5-298x300.jpg 298w, https:\/\/www.messinaoggi.it\/website\/wp-content\/uploads\/2023\/03\/0-1-5-150x150.jpg 150w\" sizes=\"(max-width: 246px) 100vw, 246px\" \/><figcaption><strong><em>L&#8217;ing. Peppe Palamara<\/em><\/strong><\/figcaption><\/figure><\/div>\n\n\n\n<p>Il professionista, nostro collaboratore, passer\u00e0 in rassegna i territori interessati dagli espropri in vista della realizzazione della mega infrastruttura che collegher\u00e0 la Sicilia alla Calabria.<div id=\"videoincontent\" style=\"clear:both\";><\/div><\/p>\n\n\n\n<p>Per bocca del ministro alle Infrastrutture, <strong>Matteo Salvini<\/strong>, fra meno di dieci anni, il Ponte sullo Stretto sar\u00e0 operativo con il passaggio dei mezzi. Intanto, la prossima settimana approder\u00e0 al Senato per l&#8217;approvazione definitiva, il testo del cosiddetto decreto-Ponte, gi\u00e0 licenziato ed emendato alla Camera dei Deputati.<\/p>\n\n\n\n<p>Come annunciato, entro la fine di giugno del prossimo anno saranno avviati i lavori, mentre il progetto esecutivo sar\u00e0 pronto entro la fine dell&#8217;anno in corso.<\/p>\n\n\n\n<p>La nuova rubrica dell&#8217;ingegnere <strong>Palamara <\/strong>passer\u00e0 in rassegna i territori che saranno interessati dagli espropri a Sperone, mentre nelle prossime settimane, il nostro giornale si occuper\u00e0 degli espropri in altre zone della citt\u00e0, come Annunziata e viale Europa, dove saranno allocate le fermate della metro-ferrovia.<\/p>\n","protected":false},"excerpt":{"rendered":"<p>Gli espropri in cui sorger\u00e0 il casello del Ponte sullo Stretto saranno al centro della nuova rubrica &#8220;Finestra sul Ponte&#8221;, curata dall&#8217;ing. Peppe Palamara. Il professionista, nostro collaboratore, passer\u00e0 in rassegna i territori interessati dagli espropri in vista della realizzazione della mega infrastruttura che collegher\u00e0 la Sicilia alla Calabria. Per bocca del ministro alle Infrastrutture, [&hellip;]<\/p>\n","protected":false},"author":2,"featured_media":154601,"comment_status":"open","ping_status":"open","sticky":false,"template":"","format":"standard","meta":{"ub_ctt_via":"","_mi_skip_tracking":false},"categories":[6],"tags":[7790,7347,1035,7349],"featured_image_src":"https:\/\/www.messinaoggi.it\/website\/wp-content\/uploads\/2023\/05\/unnamed-4.jpg","author_info":{"display_name":"Redazione","author_link":"https:\/\/www.messinaoggi.it\/website\/author\/redazione\/"},"digistream_id":0,"digistream":false,"_links":{"self":[{"href":"https:\/\/www.messinaoggi.it\/website\/wp-json\/wp\/v2\/posts\/154600"}],"collection":[{"href":"https:\/\/www.messinaoggi.it\/website\/wp-json\/wp\/v2\/posts"}],"about":[{"href":"https:\/\/www.messinaoggi.it\/website\/wp-json\/wp\/v2\/types\/post"}],"author":[{"embeddable":true,"href":"https:\/\/www.messinaoggi.it\/website\/wp-json\/wp\/v2\/users\/2"}],"replies":[{"embeddable":true,"href":"https:\/\/www.messinaoggi.it\/website\/wp-json\/wp\/v2\/comments?post=154600"}],"version-history":[{"count":1,"href":"https:\/\/www.messinaoggi.it\/website\/wp-json\/wp\/v2\/posts\/154600\/revisions"}],"predecessor-version":[{"id":154602,"href":"https:\/\/www.messinaoggi.it\/website\/wp-json\/wp\/v2\/posts\/154600\/revisions\/154602"}],"wp:featuredmedia":[{"embeddable":true,"href":"https:\/\/www.messinaoggi.it\/website\/wp-json\/wp\/v2\/media\/154601"}],"wp:attachment":[{"href":"https:\/\/www.messinaoggi.it\/website\/wp-json\/wp\/v2\/media?parent=154600"}],"wp:term":[{"taxonomy":"category","embeddable":true,"href":"https:\/\/www.messinaoggi.it\/website\/wp-json\/wp\/v2\/categories?post=154600"},{"taxonomy":"post_tag","embeddable":true,"href":"https:\/\/www.messinaoggi.it\/website\/wp-json\/wp\/v2\/tags?post=154600"}],"curies":[{"name":"wp","href":"https:\/\/api.w.org\/{rel}","templated":true}]}}