{"id":154577,"date":"2023-05-11T09:32:12","date_gmt":"2023-05-11T07:32:12","guid":{"rendered":"http:\/\/www.messinaoggi.it\/website\/?p=154577"},"modified":"2023-05-11T09:32:16","modified_gmt":"2023-05-11T07:32:16","slug":"convenzione-policlinico-papardo-passa-la-linea-della-uil-fpl","status":"publish","type":"post","link":"https:\/\/www.messinaoggi.it\/website\/2023\/05\/11\/convenzione-policlinico-papardo-passa-la-linea-della-uil-fpl\/","title":{"rendered":"Convenzione Policlinico-Papardo: passa la linea della Uil-Fpl"},"content":{"rendered":"\n<p>Stop alla convenzione Policlinico-Papardo: la VI Commissione regionale Sanit\u00e0 ha bloccato quello che \u00e8 stato definito il processo di liquidazione del Papardo. Ieri all&#8217;Ars sono stati invitati tutti i sindacati del Comparto della Sanit\u00e0, tranne la Cisl che sull&#8217;argomento non ha preso alcuna posizione. Mentre la <strong>Cgil<\/strong> e la <strong>Fvm<\/strong>, che si erano premurati a prendere le distanze dal duro comunicato della <strong>Uil-Fpl<\/strong> dopo che era scoppiato il caso, oggi cantano vittoria. Alla resa dei conti, \u00e8 passata la linea della <strong>Uil-Fpl<\/strong>, primo sindacato messinese della Sanit\u00e0.<div id=\"div-gpt-ad-Messinaoggi.it-DSK-300x250-corpoart\" style=\"text-align:center;margin:0 auto;\"><\/div><\/p>\n\n\n\n<p>\u201c<em>Finalmente\u00a0 si \u00e8 aperto un varco. La\u00a0 decisione del commissario straordinario dell\u2019A.O. Papardo,\u00a0 Prof. Alberto Firenze, di firmare\u00a0 una convenzione con l\u2019Universit\u00e0 di Messina, peraltro violando la normativa contrattuale in merito alle corrette relazioni sindacali, che avrebbe compromesso l\u2019autonomia gestionale dell\u2019Azienda Ospedaliera Papardo, grazie alla UILFPL, <strong>\u00e8 stata stoppata in sede di Sesta Commissione Sanit\u00e0<\/strong><\/em><strong>\u201d.<\/strong><div id=\"videoincontent\" style=\"clear:both\";><\/div><\/p>\n\n\n\n<p>Lo affermano in una nota <strong>Livio Andronico<\/strong> e <strong>Corrado Lamanna<\/strong> e Maurizio Celona, rispettivamente segretario generale e responsabile provinciale area medica.<\/p>\n\n\n\n<p><em>\u201cTale convenzione, in violazione del DPR n.484\/97, prevedeva la copertura dei posti vacanti dei direttori di Struttura Complessa, non attraverso le procedure concorsuali, scegliendo i migliori, ma individuati direttamente dall\u2019Universit\u00e0 di Messina, cos\u00ec come pure per la copertura\u00a0 dei posti vacanti di dirigenti medici di varie discipline. Nell\u2019Audizione che si \u00e8 tenuta in Commissione Sanit\u00e0, le dichiarazioni della Uil-Fpl rappresentata dal Segretario Generale Livio Andronico e dal Coordinatore Provinciale dell\u2019Area Medica Corrado Lamanna, hanno influito sulle decisioni della Sesta Commissione Sanit\u00e0. Infatti l\u2019On. Giuseppe Laccoto presidente della predetta commissione ha dichiarato che tale convenzione \u00e8 da ritenersi nulla per vizi procedurali.<\/em><\/p>\n\n\n\n<p><em>E\u2019 chiaro che <strong>tale decisione, ci soddisfa con riserva,<\/strong> in attesa delle conseguenti\u00a0 decisioni da parte dell\u2019Assessorato Regionale alla Salute. Appaiono singolari i trionfalismi di alcune organizzazioni sindacali, che hanno partecipato alla medesima riunione, sostenendo in maniera gattopardesca la convenzione, inneggiando nel contempo l\u2019operato del manager. Nel ringraziare i politici presenti all&#8217;Audizione,<strong> che hanno supportato le azioni della UILFPL<\/strong>, riteniamo comunque, stante che, in altre occasioni non sempre si \u00e8 mantenuto quello che era stato definito in sede istituzionale, di mantenere lo stato di agitazione del personale, e di intraprendere nei confronti del commissario straordinario, le opportune iniziative sindacali, compresa la denuncia per attivit\u00e0 antisindacale, che sar\u00e0 avviata nel pi\u00f9 breve tempo possibile, al fine di tutelare i dirigenti medici dell\u2019A.O Papardo che attraverso tale convenzione sarebbero stati penalizzati non solo nella loro professionalit\u00e0, ma anche nell&#8217;eventuale sviluppo di carriera\u201d.<\/em><\/p>\n\n\n\n<p>Conclude la nota sindacale.<\/p>\n","protected":false},"excerpt":{"rendered":"<p>Stop alla convenzione Policlinico-Papardo: la VI Commissione regionale Sanit\u00e0 ha bloccato quello che \u00e8 stato definito il processo di liquidazione del Papardo. Ieri all&#8217;Ars sono stati invitati tutti i sindacati del Comparto della Sanit\u00e0, tranne la Cisl che sull&#8217;argomento non ha preso alcuna posizione. Mentre la Cgil e la Fvm, che si erano premurati a [&hellip;]<\/p>\n","protected":false},"author":2,"featured_media":154578,"comment_status":"open","ping_status":"open","sticky":false,"template":"","format":"standard","meta":{"ub_ctt_via":"","_mi_skip_tracking":false},"categories":[6],"tags":[3586,7775,1942,2462,115],"featured_image_src":"https:\/\/www.messinaoggi.it\/website\/wp-content\/uploads\/2023\/05\/0-2-2.jpg","author_info":{"display_name":"Redazione","author_link":"https:\/\/www.messinaoggi.it\/website\/author\/redazione\/"},"digistream_id":0,"digistream":false,"_links":{"self":[{"href":"https:\/\/www.messinaoggi.it\/website\/wp-json\/wp\/v2\/posts\/154577"}],"collection":[{"href":"https:\/\/www.messinaoggi.it\/website\/wp-json\/wp\/v2\/posts"}],"about":[{"href":"https:\/\/www.messinaoggi.it\/website\/wp-json\/wp\/v2\/types\/post"}],"author":[{"embeddable":true,"href":"https:\/\/www.messinaoggi.it\/website\/wp-json\/wp\/v2\/users\/2"}],"replies":[{"embeddable":true,"href":"https:\/\/www.messinaoggi.it\/website\/wp-json\/wp\/v2\/comments?post=154577"}],"version-history":[{"count":1,"href":"https:\/\/www.messinaoggi.it\/website\/wp-json\/wp\/v2\/posts\/154577\/revisions"}],"predecessor-version":[{"id":154580,"href":"https:\/\/www.messinaoggi.it\/website\/wp-json\/wp\/v2\/posts\/154577\/revisions\/154580"}],"wp:featuredmedia":[{"embeddable":true,"href":"https:\/\/www.messinaoggi.it\/website\/wp-json\/wp\/v2\/media\/154578"}],"wp:attachment":[{"href":"https:\/\/www.messinaoggi.it\/website\/wp-json\/wp\/v2\/media?parent=154577"}],"wp:term":[{"taxonomy":"category","embeddable":true,"href":"https:\/\/www.messinaoggi.it\/website\/wp-json\/wp\/v2\/categories?post=154577"},{"taxonomy":"post_tag","embeddable":true,"href":"https:\/\/www.messinaoggi.it\/website\/wp-json\/wp\/v2\/tags?post=154577"}],"curies":[{"name":"wp","href":"https:\/\/api.w.org\/{rel}","templated":true}]}}