{"id":154407,"date":"2023-05-09T20:43:55","date_gmt":"2023-05-09T18:43:55","guid":{"rendered":"http:\/\/www.messinaoggi.it\/website\/?p=154407"},"modified":"2023-05-09T20:44:21","modified_gmt":"2023-05-09T18:44:21","slug":"caos-baglio-vertice-urgente-in-prefettura","status":"publish","type":"post","link":"https:\/\/www.messinaoggi.it\/website\/2023\/05\/09\/caos-baglio-vertice-urgente-in-prefettura\/","title":{"rendered":"Caos Baglio, vertice urgente in Prefettura"},"content":{"rendered":"\n<p>In Prefettura si \u00e8 riunito il Comitato operativo per la Viabilit\u00e0,\u00a0 presieduto dal prefetto, Cosima Di Stani, al quale hanno partecipato, oltre ai componenti effettivi (Polizia stradale, Arma dei Carabinieri e Vigili del fuoco) anche il Vice Sindaco del Comune di Messina, i\u00a0 sindaci dei Comuni di Saponara, Villafranca Tirrena ed il rappresentante del Comune di Rometta, unitamente ai comandanti della polizia metropolitana e municipale di Messina, al presidente e al direttore generale del Consorzio autostrade siciliane ed ai rappresentanti di Anas e\u00a0 118.\u00a0<div id=\"div-gpt-ad-Messinaoggi.it-DSK-300x250-corpoart\" style=\"text-align:center;margin:0 auto;\"><\/div><\/p>\n\n\n\n<p>Scopo dell\u2019incontro \u00e8 stato quello di esaminare congiuntamente le criticit\u00e0 verificatesi nei giorni scorsi sulla viabilit\u00e0 autostradale a seguito della riapertura del bypass all\u2019altezza della galleria denominata \u201cBaglio\u201d, che hanno causato forti disagi alla popolazione e trovare le necessarie ed indispensabili soluzioni migliorative atte a fluidificare la viabilit\u00e0 anche alla luce delle numerose segnalazioni pervenute dall\u2019utenza per la carenza di idonea segnaletica.\u00a0 Tenuto conto delle importanti ricadute sulla sicurezza pubblica ed, in particolare, sulla sicurezza stradale, il prefetto, sulla scorta delle indicazioni fornite dal Comandante della locale Sezione della Polizia stradale, nonch\u00e9 dai comandanti della polizia metropolitana e della polizia municipale a seguito di un apposito sopralluogo dagli stessi effettuato nella giornata di ieri sul tratto autostradale interessato, ha invitato il Consorzio autostradale ad adottare tutte quelle misure necessarie a ridurre il pi\u00f9 possibile il rischio di incidenti attraverso l\u2019implementazione della cartellonistica e della segnaletica, possibilmente luminosa, lungo la sede coinvolta dalle interruzioni e\/o parzializzazioni.\u00a0 E\u2019 stata posta attenzione sulla necessit\u00e0 di garantire una costante informazione ai passeggeri che si trovano a bordo delle navi e mezzi veloci adibiti al traghettamento sullo Stretto, soprattutto in considerazione dell\u2019approssimarsi della stagione estiva e del conseguente maggior afflusso turistico in transito da e per la citt\u00e0 di Messina.<div id=\"videoincontent\" style=\"clear:both\";><\/div><\/p>\n","protected":false},"excerpt":{"rendered":"<p>In Prefettura si \u00e8 riunito il Comitato operativo per la Viabilit\u00e0,\u00a0 presieduto dal prefetto, Cosima Di Stani, al quale hanno partecipato, oltre ai componenti effettivi (Polizia stradale, Arma dei Carabinieri e Vigili del fuoco) anche il Vice Sindaco del Comune di Messina, i\u00a0 sindaci dei Comuni di Saponara, Villafranca Tirrena ed il rappresentante del Comune [&hellip;]<\/p>\n","protected":false},"author":4,"featured_media":49179,"comment_status":"open","ping_status":"open","sticky":false,"template":"","format":"standard","meta":{"ub_ctt_via":"","_mi_skip_tracking":false},"categories":[19],"tags":[716,7784,28],"featured_image_src":"https:\/\/www.messinaoggi.it\/website\/wp-content\/uploads\/2020\/11\/prefettura-messina.jpg","author_info":{"display_name":"redme","author_link":"https:\/\/www.messinaoggi.it\/website\/author\/redme\/"},"digistream_id":0,"digistream":false,"_links":{"self":[{"href":"https:\/\/www.messinaoggi.it\/website\/wp-json\/wp\/v2\/posts\/154407"}],"collection":[{"href":"https:\/\/www.messinaoggi.it\/website\/wp-json\/wp\/v2\/posts"}],"about":[{"href":"https:\/\/www.messinaoggi.it\/website\/wp-json\/wp\/v2\/types\/post"}],"author":[{"embeddable":true,"href":"https:\/\/www.messinaoggi.it\/website\/wp-json\/wp\/v2\/users\/4"}],"replies":[{"embeddable":true,"href":"https:\/\/www.messinaoggi.it\/website\/wp-json\/wp\/v2\/comments?post=154407"}],"version-history":[{"count":1,"href":"https:\/\/www.messinaoggi.it\/website\/wp-json\/wp\/v2\/posts\/154407\/revisions"}],"predecessor-version":[{"id":154408,"href":"https:\/\/www.messinaoggi.it\/website\/wp-json\/wp\/v2\/posts\/154407\/revisions\/154408"}],"wp:featuredmedia":[{"embeddable":true,"href":"https:\/\/www.messinaoggi.it\/website\/wp-json\/wp\/v2\/media\/49179"}],"wp:attachment":[{"href":"https:\/\/www.messinaoggi.it\/website\/wp-json\/wp\/v2\/media?parent=154407"}],"wp:term":[{"taxonomy":"category","embeddable":true,"href":"https:\/\/www.messinaoggi.it\/website\/wp-json\/wp\/v2\/categories?post=154407"},{"taxonomy":"post_tag","embeddable":true,"href":"https:\/\/www.messinaoggi.it\/website\/wp-json\/wp\/v2\/tags?post=154407"}],"curies":[{"name":"wp","href":"https:\/\/api.w.org\/{rel}","templated":true}]}}