{"id":154402,"date":"2023-05-09T20:17:16","date_gmt":"2023-05-09T18:17:16","guid":{"rendered":"http:\/\/www.messinaoggi.it\/website\/?p=154402"},"modified":"2023-05-09T20:17:17","modified_gmt":"2023-05-09T18:17:17","slug":"inaugurata-la-rotatoria-elio-matacena","status":"publish","type":"post","link":"https:\/\/www.messinaoggi.it\/website\/2023\/05\/09\/inaugurata-la-rotatoria-elio-matacena\/","title":{"rendered":"Inaugurata la Rotatoria Elio Matacena"},"content":{"rendered":"\n<p>\u00c8 uno dei simboli della piccola rivoluzione che sta trasformando la viabilit\u00e0 cittadina nonch\u00e9 del progetto di riqualificazione urbanistica di un\u2019area che da decenni languiva nel degrado e nell\u2019indifferenza.<div id=\"div-gpt-ad-Messinaoggi.it-DSK-300x250-corpoart\" style=\"text-align:center;margin:0 auto;\"><\/div><\/p>\n\n\n\n<p>Da marted\u00ec 9 maggio 2023 la rotatoria di Via Santa Cecilia all\u2019incrocio con Via Industriale ha un nome e un cognome: \u201c<em>Rotatoria Elio Matacena<\/em>\u201d.<div id=\"videoincontent\" style=\"clear:both\";><\/div><\/p>\n\n\n\n<p>La rotonda (gi\u00e0 impreziosita dalla statua bronzea realizzata dallo scultore <strong>Alex Caminiti <\/strong>che raffigura\u00a0Messina \u201cbambina e guerriera\u201d) \u00e8 stata infatti ufficialmente intitolata all\u2019imprenditore e armatore napoletano (1924\/2012), pioniere del traghettamento nello Stretto con la \u201cCaronte Spa\u201d della quale fu fondatore negli anni \u201960; primo presidente della \u201cCaronte &amp; Tourist Spa\u201d; ideatore delle Autostrade del Mare; inventore (\u00e8 suo il brevetto della turbina Kobold ad asse verticale per la produzione di energia elettrica dalle correnti marine); fondatore della societ\u00e0 di ingegneria \u201cPonte di Archimede nello Stretto di Messina Spa\u201d; Grande Ufficiale dell&#8217;Ordine al Merito della Repubblica italiana\u00a0(1998) e Cavaliere del Lavoro (2005); uomo di inscalfibile fede democratica e antifascista.<\/p>\n\n\n\n<figure class=\"wp-block-image size-large\"><img loading=\"lazy\" width=\"1024\" height=\"678\" src=\"http:\/\/www.messinaoggi.it\/website\/wp-content\/uploads\/2023\/05\/Sindaco-Morgante-Matacena-1024x678.jpg\" alt=\"\" class=\"wp-image-154405\" srcset=\"https:\/\/www.messinaoggi.it\/website\/wp-content\/uploads\/2023\/05\/Sindaco-Morgante-Matacena-1024x678.jpg 1024w, https:\/\/www.messinaoggi.it\/website\/wp-content\/uploads\/2023\/05\/Sindaco-Morgante-Matacena-300x199.jpg 300w, https:\/\/www.messinaoggi.it\/website\/wp-content\/uploads\/2023\/05\/Sindaco-Morgante-Matacena-768x508.jpg 768w, https:\/\/www.messinaoggi.it\/website\/wp-content\/uploads\/2023\/05\/Sindaco-Morgante-Matacena-100x65.jpg 100w, https:\/\/www.messinaoggi.it\/website\/wp-content\/uploads\/2023\/05\/Sindaco-Morgante-Matacena.jpg 1280w\" sizes=\"(max-width: 1024px) 100vw, 1024px\" \/><\/figure>\n\n\n\n<p>\u201cElio Matacena &#8211; cos\u00ec lo ha ricordato Caronte &amp; Tourist &#8211; \u00e8 stato corpo e sostanza di un ossimoro: imprenditore visionario. \u00c8 stato cio\u00e8 un uomo coi piedi ben piantati nel terreno del business capace tuttavia di sognare, di partorire intuizioni geniali esportate dallo Stretto in direzione mondo. Ma \u00e8 stato anche contestualmente uomo di grande e raffinata cultura, lettore vorace e curioso, intellettuale a tutto tondo con il dono dell\u2019eclettismo.<\/p>\n\n\n\n<p>Pensando al dottor Elio ci viene in mente il perigeo, che letteralmente \u00e8 il punto pi\u00f9 vicino alla terra nell&#8217;orbita descritta da qualsiasi astro, ma che \u00e8 metafora dell\u2019intersezione e della sintesi tra concreto e astratto, tra metodo e genio, tra materia e sogni: esattamente quei sogni della stessa materia dei quali, secondo l\u2019immortale bardo di Stratford, noi siamo fatti\u201d.<\/p>\n\n\n\n<figure class=\"wp-block-image size-large\"><img loading=\"lazy\" width=\"1024\" height=\"678\" src=\"http:\/\/www.messinaoggi.it\/website\/wp-content\/uploads\/2023\/05\/Autorita-1024x678.jpg\" alt=\"\" class=\"wp-image-154403\" srcset=\"https:\/\/www.messinaoggi.it\/website\/wp-content\/uploads\/2023\/05\/Autorita-1024x678.jpg 1024w, https:\/\/www.messinaoggi.it\/website\/wp-content\/uploads\/2023\/05\/Autorita-300x199.jpg 300w, https:\/\/www.messinaoggi.it\/website\/wp-content\/uploads\/2023\/05\/Autorita-768x509.jpg 768w, https:\/\/www.messinaoggi.it\/website\/wp-content\/uploads\/2023\/05\/Autorita-1536x1017.jpg 1536w, https:\/\/www.messinaoggi.it\/website\/wp-content\/uploads\/2023\/05\/Autorita-2048x1356.jpg 2048w, https:\/\/www.messinaoggi.it\/website\/wp-content\/uploads\/2023\/05\/Autorita-100x65.jpg 100w\" sizes=\"(max-width: 1024px) 100vw, 1024px\" \/><\/figure>\n\n\n\n<p>Tra le autorit\u00e0 intervenute alla cerimonia il sindaco di Messina,<strong> Federico Basile<\/strong>; il presidente e direttore editoriale di Ses Spa, <strong>Lino Morgante<\/strong>; il viceprefetto di Messina, <strong>Mirella Ciriago<\/strong> oltre i familiari di <strong>Elio Matacena <\/strong>e i vertici di Caronte &amp; Tourist Spa.<\/p>\n","protected":false},"excerpt":{"rendered":"<p>\u00c8 uno dei simboli della piccola rivoluzione che sta trasformando la viabilit\u00e0 cittadina nonch\u00e9 del progetto di riqualificazione urbanistica di un\u2019area che da decenni languiva nel degrado e nell\u2019indifferenza. Da marted\u00ec 9 maggio 2023 la rotatoria di Via Santa Cecilia all\u2019incrocio con Via Industriale ha un nome e un cognome: \u201cRotatoria Elio Matacena\u201d. La rotonda [&hellip;]<\/p>\n","protected":false},"author":15,"featured_media":154404,"comment_status":"open","ping_status":"open","sticky":false,"template":"","format":"standard","meta":{"ub_ctt_via":"","_mi_skip_tracking":false},"categories":[1],"tags":[146,1956,2972,7783,7782],"featured_image_src":"https:\/\/www.messinaoggi.it\/website\/wp-content\/uploads\/2023\/05\/Scopertura-Targa-scaled.jpg","author_info":{"display_name":"red.me","author_link":"https:\/\/www.messinaoggi.it\/website\/author\/red-me\/"},"digistream_id":0,"digistream":false,"_links":{"self":[{"href":"https:\/\/www.messinaoggi.it\/website\/wp-json\/wp\/v2\/posts\/154402"}],"collection":[{"href":"https:\/\/www.messinaoggi.it\/website\/wp-json\/wp\/v2\/posts"}],"about":[{"href":"https:\/\/www.messinaoggi.it\/website\/wp-json\/wp\/v2\/types\/post"}],"author":[{"embeddable":true,"href":"https:\/\/www.messinaoggi.it\/website\/wp-json\/wp\/v2\/users\/15"}],"replies":[{"embeddable":true,"href":"https:\/\/www.messinaoggi.it\/website\/wp-json\/wp\/v2\/comments?post=154402"}],"version-history":[{"count":1,"href":"https:\/\/www.messinaoggi.it\/website\/wp-json\/wp\/v2\/posts\/154402\/revisions"}],"predecessor-version":[{"id":154406,"href":"https:\/\/www.messinaoggi.it\/website\/wp-json\/wp\/v2\/posts\/154402\/revisions\/154406"}],"wp:featuredmedia":[{"embeddable":true,"href":"https:\/\/www.messinaoggi.it\/website\/wp-json\/wp\/v2\/media\/154404"}],"wp:attachment":[{"href":"https:\/\/www.messinaoggi.it\/website\/wp-json\/wp\/v2\/media?parent=154402"}],"wp:term":[{"taxonomy":"category","embeddable":true,"href":"https:\/\/www.messinaoggi.it\/website\/wp-json\/wp\/v2\/categories?post=154402"},{"taxonomy":"post_tag","embeddable":true,"href":"https:\/\/www.messinaoggi.it\/website\/wp-json\/wp\/v2\/tags?post=154402"}],"curies":[{"name":"wp","href":"https:\/\/api.w.org\/{rel}","templated":true}]}}