{"id":154387,"date":"2023-05-09T18:07:59","date_gmt":"2023-05-09T16:07:59","guid":{"rendered":"https:\/\/www.messinaoggi.it\/website\/2023\/05\/09\/paret-peintre-vince-la-4-tappa-al-giro-leknessund-in-rosa\/"},"modified":"2023-05-09T18:07:59","modified_gmt":"2023-05-09T16:07:59","slug":"paret-peintre-vince-la-4-tappa-al-giro-leknessund-in-rosa","status":"publish","type":"post","link":"https:\/\/www.messinaoggi.it\/website\/2023\/05\/09\/paret-peintre-vince-la-4-tappa-al-giro-leknessund-in-rosa\/","title":{"rendered":"Paret-Peintre vince la 4^ tappa al Giro, Leknessund in rosa"},"content":{"rendered":"<div>LAGO LACENO (ITALPRESS) &#8211; Fuga vincente per Aur\u00e8lien Paret-Peintre nella quarta tappa del Giro d&#8217;Italia 2023, la Venosa-Lago Laceno di 175 chilometri. Il corridore francese della AG2R Citro\u00e8n Team si \u00e8 imposto agevolmente su Andreas Leknessund (Team DSM) nello sprint a due che ha deciso la frazione, con il norvegese che si \u00e8 consolato andando a conquistare la maglia rosa a spese di Remco Evenepoel (Soudal-Quick Step). Il campione del mondo belga \u00e8 infatti giunto al traguardo nel gruppo dei migliori, attardato di oltre 2&#8242; e ha ceduto il primato scivolando al secondo posto in classifica generale a 28&#8243; dal nuovo leader. &#8220;Non potevo far meglio di questo secondo posto, ma poter indossare la maglia rosa \u00e8 davvero un grande traguardo &#8211; esulta Leknessund &#8211; La commozione dopo l&#8217;arrivo? Questa maglia \u00e8 speciale, regala una grande emozione. Poterla indossare almeno per un giorno \u00e8 incredibile, non ci credo ancora&#8221;. Domani la quinta tappa, la Atripalda-Salerno di 171 chilometri.<br \/>&#8211; foto LivePhotoSport &#8211;<br \/>(ITALPRESS).<\/div>\n<div id=\"div-gpt-ad-Messinaoggi.it-DSK-300x250-corpoart\" style=\"text-align:center;margin:0 auto;\"><\/div><\/p><div id=\"videoincontent\" style=\"clear:both\";><\/div>","protected":false},"excerpt":{"rendered":"<p>LAGO LACENO (ITALPRESS) &#8211; Fuga vincente per Aur\u00e8lien Paret-Peintre nella quarta tappa del Giro d&#8217;Italia 2023, la Venosa-Lago Laceno di 175 chilometri. Il corridore francese della AG2R Citro\u00e8n Team si \u00e8 imposto agevolmente su Andreas Leknessund (Team DSM) nello sprint a due che ha deciso la frazione, con il norvegese che si \u00e8 consolato andando [&hellip;]<\/p>\n","protected":false},"author":18,"featured_media":154388,"comment_status":"closed","ping_status":"closed","sticky":false,"template":"","format":"standard","meta":{"ub_ctt_via":"","_mi_skip_tracking":false},"categories":[446],"tags":[783],"featured_image_src":"https:\/\/www.messinaoggi.it\/website\/wp-content\/uploads\/2023\/05\/20230509_1577.jpg","author_info":{"display_name":"Admin","author_link":"https:\/\/www.messinaoggi.it\/website\/author\/admin\/"},"digistream_id":0,"digistream":false,"_links":{"self":[{"href":"https:\/\/www.messinaoggi.it\/website\/wp-json\/wp\/v2\/posts\/154387"}],"collection":[{"href":"https:\/\/www.messinaoggi.it\/website\/wp-json\/wp\/v2\/posts"}],"about":[{"href":"https:\/\/www.messinaoggi.it\/website\/wp-json\/wp\/v2\/types\/post"}],"author":[{"embeddable":true,"href":"https:\/\/www.messinaoggi.it\/website\/wp-json\/wp\/v2\/users\/18"}],"replies":[{"embeddable":true,"href":"https:\/\/www.messinaoggi.it\/website\/wp-json\/wp\/v2\/comments?post=154387"}],"version-history":[{"count":0,"href":"https:\/\/www.messinaoggi.it\/website\/wp-json\/wp\/v2\/posts\/154387\/revisions"}],"wp:featuredmedia":[{"embeddable":true,"href":"https:\/\/www.messinaoggi.it\/website\/wp-json\/wp\/v2\/media\/154388"}],"wp:attachment":[{"href":"https:\/\/www.messinaoggi.it\/website\/wp-json\/wp\/v2\/media?parent=154387"}],"wp:term":[{"taxonomy":"category","embeddable":true,"href":"https:\/\/www.messinaoggi.it\/website\/wp-json\/wp\/v2\/categories?post=154387"},{"taxonomy":"post_tag","embeddable":true,"href":"https:\/\/www.messinaoggi.it\/website\/wp-json\/wp\/v2\/tags?post=154387"}],"curies":[{"name":"wp","href":"https:\/\/api.w.org\/{rel}","templated":true}]}}