{"id":154317,"date":"2023-05-09T14:08:08","date_gmt":"2023-05-09T12:08:08","guid":{"rendered":"https:\/\/www.messinaoggi.it\/website\/2023\/05\/09\/carica-inzaghi-domani-e-il-derby-ci-arriviamo-bene\/"},"modified":"2023-05-09T18:07:10","modified_gmt":"2023-05-09T16:07:10","slug":"carica-inzaghi-domani-e-il-derby-ci-arriviamo-bene","status":"publish","type":"post","link":"https:\/\/www.messinaoggi.it\/website\/2023\/05\/09\/carica-inzaghi-domani-e-il-derby-ci-arriviamo-bene\/","title":{"rendered":"Carica Inzaghi \u201cDomani \u00e8 il derby, ci arriviamo bene\u201d"},"content":{"rendered":"<div>APPIANO GENTILE (ITALPRESS) &#8211; &#8220;Gli ultimi risultati in Europa, Coppa Italia e campionato ci hanno fatto preparare al meglio tutte le partite, poi sappiamo che domani \u00e8 il derby, e conosciamo l&#8217;importanza che ha per societ\u00e0 e tifosi. Vogliamo affrontarlo nel migliore dei modi&#8221;. Lo ha detto il tecnico dell&#8217;Inter, Simone Inzaghi, alla vigilia del derby con il Milan valido per la semifinale di andata di Champions League. &#8220;C&#8217;\u00e8 stato un momento in cui gli attaccanti non concretizzavano, ora tutti sono tornati a segnare &#8211; ha spiegato il mister nerazzurro in conferenza stampa -. Ero tranquillo prima e lo sono adesso, il problema \u00e8 quando un attaccante non crea occasioni&#8221;. &#8220;Come spirito la squadra arriva bene, bisogner\u00e0 usare cuore e testa, sapendo che \u00e8 una gara che si gioca in 180 minuti&#8221;, ha ammesso Inzaghi. Per quanto riguarda la formazione, &#8220;a centrocampo e in attacco ho la possibilit\u00e0 di scegliere ma non mi sento in imbarazzo&#8230; Non sappiamo se Gosens sar\u00e0 convocato, in difesa vista l&#8217;assenza di Skriniar speriamo di recuperare D&#8217;Ambrosio. Leao? Tutti conosciamo le sue qualit\u00e0. Sappiamo che potrebbe esserci o meno, prenderemo qualche accorgimento ma non condizioner\u00e0 il nostro piano partita. Il Milan \u00e8 una squadra di qualit\u00e0 e ben allenata, capace di giocare e non solo in ripartenza. Bisogner\u00e0 essere bravi in tutte le fasi della partita&#8221;. &#8220;Inter favorita? Non ci nascondiamo ma ogni partita fa storia a s\u00e8 &#8211; ha osservato l&#8217;ex attaccante della Lazio e della Nazionale &#8211; Dopo la fase a gironi con Barcellona e Bayern, il gruppo ha preso consapevolezza, ora dopo Porto e Benfica manca un altro scoglio importante da superare per arrivare ad una finale che ad agosto sembrava un sogno e per la quale mancano 180 minuti&#8221;. &#8220;Lukaku? E&#8217; importantissimo, dopo un infortunio di quattro mesi \u00e8 tornato, segnando come gli altri. E&#8217; un&#8217;arma in pi\u00f9 cos\u00ec come Brozovic&#8221;, ha concluso Inzaghi.<br \/>&#8220;Al di l\u00e0 che \u00e8 una semifinale, come tutti i derby \u00e8 bello giocarlo a viso aperto. Voglio godermi la sfida di Champions con il Milan al cento per cento &#8211; le parole in conferenza del difensore dell&#8217;Inter, Federico Dimarco &#8211; Il Milan ha passato due turni difficili, contro il Tottenham e il Napoli che ha vinto lo scudetto, e sono campioni d&#8217;Italia uscenti. Sappiamo cosa ci aspetter\u00e0 domani: \u00e8 una squadra che conosciamo bene, sar\u00e0 una bella partita, da affrontare con testa e cuore&#8221;. &#8220;Non c&#8217;\u00e8 spirito di vendetta, pensiamo al presente e a fare domani un risultato positivo &#8211; ha proseguito l&#8217;ex Parma e Verona, riferendosi alla tradizione positiva del Milan nei derby di Champions &#8211; Pensare che vent&#8217;anni fa ero allo stadio da spettatore e che domani sar\u00f2 in campo \u00e8 un&#8217;emozione incredibile&#8221;.<br \/>&#8211; foto LivePhotoSport &#8211;<br \/>(ITALPRESS).<\/div>\n<div id=\"div-gpt-ad-Messinaoggi.it-DSK-300x250-corpoart\" style=\"text-align:center;margin:0 auto;\"><\/div><\/p><div id=\"videoincontent\" style=\"clear:both\";><\/div>","protected":false},"excerpt":{"rendered":"<p>APPIANO GENTILE (ITALPRESS) &#8211; &#8220;Gli ultimi risultati in Europa, Coppa Italia e campionato ci hanno fatto preparare al meglio tutte le partite, poi sappiamo che domani \u00e8 il derby, e conosciamo l&#8217;importanza che ha per societ\u00e0 e tifosi. Vogliamo affrontarlo nel migliore dei modi&#8221;. Lo ha detto il tecnico dell&#8217;Inter, Simone Inzaghi, alla vigilia del [&hellip;]<\/p>\n","protected":false},"author":18,"featured_media":154318,"comment_status":"closed","ping_status":"closed","sticky":false,"template":"","format":"standard","meta":{"ub_ctt_via":"","_mi_skip_tracking":false},"categories":[10,446,9],"tags":[783],"featured_image_src":"https:\/\/www.messinaoggi.it\/website\/wp-content\/uploads\/2023\/05\/20230509_0537.jpg","author_info":{"display_name":"Admin","author_link":"https:\/\/www.messinaoggi.it\/website\/author\/admin\/"},"digistream_id":0,"digistream":false,"_links":{"self":[{"href":"https:\/\/www.messinaoggi.it\/website\/wp-json\/wp\/v2\/posts\/154317"}],"collection":[{"href":"https:\/\/www.messinaoggi.it\/website\/wp-json\/wp\/v2\/posts"}],"about":[{"href":"https:\/\/www.messinaoggi.it\/website\/wp-json\/wp\/v2\/types\/post"}],"author":[{"embeddable":true,"href":"https:\/\/www.messinaoggi.it\/website\/wp-json\/wp\/v2\/users\/18"}],"replies":[{"embeddable":true,"href":"https:\/\/www.messinaoggi.it\/website\/wp-json\/wp\/v2\/comments?post=154317"}],"version-history":[{"count":1,"href":"https:\/\/www.messinaoggi.it\/website\/wp-json\/wp\/v2\/posts\/154317\/revisions"}],"predecessor-version":[{"id":154386,"href":"https:\/\/www.messinaoggi.it\/website\/wp-json\/wp\/v2\/posts\/154317\/revisions\/154386"}],"wp:featuredmedia":[{"embeddable":true,"href":"https:\/\/www.messinaoggi.it\/website\/wp-json\/wp\/v2\/media\/154318"}],"wp:attachment":[{"href":"https:\/\/www.messinaoggi.it\/website\/wp-json\/wp\/v2\/media?parent=154317"}],"wp:term":[{"taxonomy":"category","embeddable":true,"href":"https:\/\/www.messinaoggi.it\/website\/wp-json\/wp\/v2\/categories?post=154317"},{"taxonomy":"post_tag","embeddable":true,"href":"https:\/\/www.messinaoggi.it\/website\/wp-json\/wp\/v2\/tags?post=154317"}],"curies":[{"name":"wp","href":"https:\/\/api.w.org\/{rel}","templated":true}]}}