{"id":154282,"date":"2023-05-09T10:39:04","date_gmt":"2023-05-09T08:39:04","guid":{"rendered":"http:\/\/www.messinaoggi.it\/website\/?p=154282"},"modified":"2023-05-09T10:39:05","modified_gmt":"2023-05-09T08:39:05","slug":"meteo-forti-rovesci-mercoledi-bel-tempo-giovedi-e-venerdi","status":"publish","type":"post","link":"https:\/\/www.messinaoggi.it\/website\/2023\/05\/09\/meteo-forti-rovesci-mercoledi-bel-tempo-giovedi-e-venerdi\/","title":{"rendered":"Meteo: forti rovesci mercoled\u00ec, bel tempo gioved\u00ec e venerd\u00ec"},"content":{"rendered":"\n<p>L&#8217;anticiclone delle Azzorre non intende acclimatarsi sul bacino centrale del Mediterraneo e la sua evanescenza consente agli scambi meridiani di prorogare a oltranza la spiccata dinamicit\u00e0 primaverile.<div id=\"div-gpt-ad-Messinaoggi.it-DSK-300x250-corpoart\" style=\"text-align:center;margin:0 auto;\"><\/div><\/p>\n\n\n\n<p>L&#8217;Italia dovr\u00e0 fare a meno di una adeguata egida anticiclonica e non potr\u00e0 rintuzzare in alcun modo le scorrerie di infiltrazioni umide e\/o cavi d&#8217;onda.<div id=\"videoincontent\" style=\"clear:both\";><\/div><\/p>\n\n\n\n<p>Nello specifico, nelle prossime 24 h la Sicilia sar\u00e0 imprigionata da una lasca circolazione ciclonica presente soprattutto in quota, senza alcuna struttura vorticosa ai bassi strati. Infatti, pur non generandosi un minimo depressionario al suolo, mercoled\u00ec l&#8217;avvento un intensissimo nucleo di vorticit\u00e0 positiva ben couadiuvato da un marcato gradiente verticale, innescher\u00e0 veementi turbolenze.<\/p>\n\n\n\n<p>Una -28 a 400 hpa accoglier\u00e0 una mite +9 a 850 hpa parcheggiata ai bassi strati. I moti ascendenti daranno la stura a contrasti termici scoppiettanti, con la conseguente evoluzione temporalesca su tutto il Messinese.<\/p>\n\n\n\n<p>Ad iniziare dall&#8217;entroterra, imponenti cumulonembi si organizzeranno in una ben strutturata sia convettiva, supportata dal nucleo di vorticit\u00e0 positiva.<\/p>\n\n\n\n<p>Il getto inizialmente libecciale porr\u00e0 la citt\u00e0 della Stretto in provvisoria ombra pluviometrica. Ma dal primo pomeriggio le correnti in quota occidentali trascineranno e manovreranno la lunga sequela di cumulonembi anche verso la citt\u00e0 della Stretto, almeno fino alla prima serata. Non si possono eccettuare localizzate manifestazioni temporalesche di forte intensit\u00e0 con indici di rain rate elevati e fulminazioni a fondo scala. I fenomeni rudi da now casting dovrebbero rimanere confinati a monte, non escludendo isolati sconfinamenti tirrenici.<\/p>\n\n\n\n<p>Con questo quadro sinottico ben sviscerato, mercoled\u00ec le condizioni meteorologiche saranno marcatamente instabili e localmente perturbate. Dalla tarda mattinata piogge battenti e rovesci anche a sfondo temporalesco caratterizzeranno una giornata di maltempo pronunciato soprattutto sul comparto nebroideo.<\/p>\n\n\n\n<p>Ma come preconizzato, alcuni congesti riusciranno a sfondare pi\u00f9 facilmente anche sullo Stretto di Messina, dalle 14 in poi. Localmente si potranno cumulare punte di 20-30 mm del giro di 1 h.<\/p>\n\n\n\n<p>Difficilmente il fronte freddo esacerber\u00e0 le turbolenze al punto da estremizzare la fenomenologia, ma \u00e9 bene precisare che non si avr\u00e0 a che fare con insulse acquerugiole avvettive. Piogge discrete e benefiche che vanno accolte senza troppi piagnistei. La primavera deve essere piovosa per fronteggiare al meglio la stagione calda.<\/p>\n\n\n\n<p>I venti spireranno debolmente da levante e scirocco sullo Stretto di Messina e da ponente sul Tirreno meridionale. Fortunatamente, il Tirreno non sar\u00e0 soggetto ad una eclatante mareggiata, ma si presenter\u00e0 soltanto lievemente mosso.<\/p>\n\n\n\n<p>La temperatura subir\u00e0 un lieve calo in concomitanza dei fenomeni pomeridiani, fluttuando dai 14\u00b0 di minima ai 17-18\u00b0 di massima. Il tasso dell&#8217;Ur far\u00e0 segnare valori elevati compresi fra il 50 e l&#8217;80%.<\/p>\n\n\n\n<p>Le tendenze del tempo a medio termine prefigurano un tangibile miglioramento da GIOVEDI, che tuttavia non sar\u00e0 assolutamente duraturo. Con ogni probabilit\u00e0, il week end sar\u00e0 movimentato da un teso flusso sciroccale, foriero di rovesci anche insidiosi. Ne riparleremo a tempo debito.<\/p>\n\n\n\n<p><strong>Alessio Campobello<\/strong><\/p>\n","protected":false},"excerpt":{"rendered":"<p>L&#8217;anticiclone delle Azzorre non intende acclimatarsi sul bacino centrale del Mediterraneo e la sua evanescenza consente agli scambi meridiani di prorogare a oltranza la spiccata dinamicit\u00e0 primaverile. L&#8217;Italia dovr\u00e0 fare a meno di una adeguata egida anticiclonica e non potr\u00e0 rintuzzare in alcun modo le scorrerie di infiltrazioni umide e\/o cavi d&#8217;onda. Nello specifico, nelle [&hellip;]<\/p>\n","protected":false},"author":8,"featured_media":154283,"comment_status":"open","ping_status":"open","sticky":false,"template":"","format":"standard","meta":{"ub_ctt_via":"","_mi_skip_tracking":false},"categories":[5],"tags":[1225,178],"featured_image_src":"https:\/\/www.messinaoggi.it\/website\/wp-content\/uploads\/2023\/05\/c0825099-a586-4c51-8ed8-1194fcaac2de.jpg","author_info":{"display_name":"red..me","author_link":"https:\/\/www.messinaoggi.it\/website\/author\/redstage\/"},"digistream_id":0,"digistream":false,"_links":{"self":[{"href":"https:\/\/www.messinaoggi.it\/website\/wp-json\/wp\/v2\/posts\/154282"}],"collection":[{"href":"https:\/\/www.messinaoggi.it\/website\/wp-json\/wp\/v2\/posts"}],"about":[{"href":"https:\/\/www.messinaoggi.it\/website\/wp-json\/wp\/v2\/types\/post"}],"author":[{"embeddable":true,"href":"https:\/\/www.messinaoggi.it\/website\/wp-json\/wp\/v2\/users\/8"}],"replies":[{"embeddable":true,"href":"https:\/\/www.messinaoggi.it\/website\/wp-json\/wp\/v2\/comments?post=154282"}],"version-history":[{"count":1,"href":"https:\/\/www.messinaoggi.it\/website\/wp-json\/wp\/v2\/posts\/154282\/revisions"}],"predecessor-version":[{"id":154284,"href":"https:\/\/www.messinaoggi.it\/website\/wp-json\/wp\/v2\/posts\/154282\/revisions\/154284"}],"wp:featuredmedia":[{"embeddable":true,"href":"https:\/\/www.messinaoggi.it\/website\/wp-json\/wp\/v2\/media\/154283"}],"wp:attachment":[{"href":"https:\/\/www.messinaoggi.it\/website\/wp-json\/wp\/v2\/media?parent=154282"}],"wp:term":[{"taxonomy":"category","embeddable":true,"href":"https:\/\/www.messinaoggi.it\/website\/wp-json\/wp\/v2\/categories?post=154282"},{"taxonomy":"post_tag","embeddable":true,"href":"https:\/\/www.messinaoggi.it\/website\/wp-json\/wp\/v2\/tags?post=154282"}],"curies":[{"name":"wp","href":"https:\/\/api.w.org\/{rel}","templated":true}]}}