{"id":154239,"date":"2023-05-08T20:07:56","date_gmt":"2023-05-08T18:07:56","guid":{"rendered":"https:\/\/www.messinaoggi.it\/website\/2023\/05\/08\/meloni-le-riforme-meglio-se-condivise-ma-andremo-avanti\/"},"modified":"2023-05-08T20:07:56","modified_gmt":"2023-05-08T18:07:56","slug":"meloni-le-riforme-meglio-se-condivise-ma-andremo-avanti","status":"publish","type":"post","link":"https:\/\/www.messinaoggi.it\/website\/2023\/05\/08\/meloni-le-riforme-meglio-se-condivise-ma-andremo-avanti\/","title":{"rendered":"Meloni \u201cLe riforme meglio se condivise, ma andremo avanti\u201d"},"content":{"rendered":"<div>ROMA (ITALPRESS) &#8211; &#8220;I numeri non mentono e dicono che l&#8217;economia sta andando meglio del previsto&#8221;. Lo dice il premier Giorgia Meloni, ad Ancona a un&#8217;iniziativa elettorale a sostegno del candidato sindaco del centrodestra Daniele Silvetti.<br \/>&#8220;Sono soddisfatta del clima che c&#8217;\u00e8 nella maggioranza e nel governo, molto lontano da quello che si legge nelle ricostruzioni, e sono soddisfatto dei ministri &#8211; aggiunge -. Oggi i risultati dicono qualcosa di buono in un contesto difficilissimo. Io leggo i dati macroeconomici e dicono che l&#8217;Italia \u00e8 la nazione che cresce di pi\u00f9 in Europa&#8221;.<br \/>&#8220;Domani abbiamo convocato le opposizioni per parlare di una riforma costituzionale. Dicono che non \u00e8 una priorit\u00e0 &#8211; spiega il presidente del Consiglio -. Per noi \u00e8 una priorit\u00e0 legare chi governa al consenso popolare, dare stabilit\u00e0 e dire basta con i governi costruiti in laboratorio. Della riforma costituzionale parlo con le opposizioni perch\u00e8 voglio che sia il pi\u00f9 possibile condivisa, ma la faccio. Perch\u00e8 il mandato l&#8217;ho ricevuto dagli elettori&#8221;.<br \/>&#8220;Noi riteniamo di avere di fronte un orizzonte di cinque anni &#8211; aggiunge Meloni -. Le somme si tireranno alla fine. Sappiamo che ci saranno momenti difficili, ma andiamo dritti all&#8217;obiettivo&#8221;.<br \/>&#8220;Stiamo lavorando sulle infrastrutture e dobbiamo lavorare sul porto. Il mare \u00e8 una grande infrastruttura, dobbiamo costruire una filiera&#8221;, sottolinea Meloni.<br \/>&#8220;Sono fiera che in legge di bilancio abbiamo risposto alle esigenze del territorio delle Marche, con 400 milioni di euro in tre anni per la ricostruzione dopo l&#8217;alluvione &#8211; aggiunge -. Vogliamo dare una strategia di sviluppo e benessere, e questo a qualcuno non piace. Ringrazio i centri sociali che ci contestano, perch\u00e8 ci ricordano che siamo dalla parte giusta&#8221;.<div id=\"div-gpt-ad-Messinaoggi.it-DSK-300x250-corpoart\" style=\"text-align:center;margin:0 auto;\"><\/div><\/p>\n<p>&#8211; foto Agenziafotogramma.it &#8211;<div id=\"videoincontent\" style=\"clear:both\";><\/div><\/p>\n<p>(ITALPRESS).<\/p><\/div>\n","protected":false},"excerpt":{"rendered":"<p>ROMA (ITALPRESS) &#8211; &#8220;I numeri non mentono e dicono che l&#8217;economia sta andando meglio del previsto&#8221;. Lo dice il premier Giorgia Meloni, ad Ancona a un&#8217;iniziativa elettorale a sostegno del candidato sindaco del centrodestra Daniele Silvetti.&#8220;Sono soddisfatta del clima che c&#8217;\u00e8 nella maggioranza e nel governo, molto lontano da quello che si legge nelle ricostruzioni, [&hellip;]<\/p>\n","protected":false},"author":18,"featured_media":154240,"comment_status":"closed","ping_status":"closed","sticky":false,"template":"","format":"standard","meta":{"ub_ctt_via":"","_mi_skip_tracking":false},"categories":[446],"tags":[783],"featured_image_src":"https:\/\/www.messinaoggi.it\/website\/wp-content\/uploads\/2023\/05\/20230508_2085-300x206-1.jpg","author_info":{"display_name":"Admin","author_link":"https:\/\/www.messinaoggi.it\/website\/author\/admin\/"},"digistream_id":0,"digistream":false,"_links":{"self":[{"href":"https:\/\/www.messinaoggi.it\/website\/wp-json\/wp\/v2\/posts\/154239"}],"collection":[{"href":"https:\/\/www.messinaoggi.it\/website\/wp-json\/wp\/v2\/posts"}],"about":[{"href":"https:\/\/www.messinaoggi.it\/website\/wp-json\/wp\/v2\/types\/post"}],"author":[{"embeddable":true,"href":"https:\/\/www.messinaoggi.it\/website\/wp-json\/wp\/v2\/users\/18"}],"replies":[{"embeddable":true,"href":"https:\/\/www.messinaoggi.it\/website\/wp-json\/wp\/v2\/comments?post=154239"}],"version-history":[{"count":0,"href":"https:\/\/www.messinaoggi.it\/website\/wp-json\/wp\/v2\/posts\/154239\/revisions"}],"wp:featuredmedia":[{"embeddable":true,"href":"https:\/\/www.messinaoggi.it\/website\/wp-json\/wp\/v2\/media\/154240"}],"wp:attachment":[{"href":"https:\/\/www.messinaoggi.it\/website\/wp-json\/wp\/v2\/media?parent=154239"}],"wp:term":[{"taxonomy":"category","embeddable":true,"href":"https:\/\/www.messinaoggi.it\/website\/wp-json\/wp\/v2\/categories?post=154239"},{"taxonomy":"post_tag","embeddable":true,"href":"https:\/\/www.messinaoggi.it\/website\/wp-json\/wp\/v2\/tags?post=154239"}],"curies":[{"name":"wp","href":"https:\/\/api.w.org\/{rel}","templated":true}]}}