{"id":15413,"date":"2018-02-08T15:28:37","date_gmt":"2018-02-08T14:28:37","guid":{"rendered":"http:\/\/www.messinaoggi.it\/website\/?p=15413"},"modified":"2018-02-08T15:28:37","modified_gmt":"2018-02-08T14:28:37","slug":"salerno-non-sono-candidato-sindaco-dei-cinquestelle-a-taormina","status":"publish","type":"post","link":"https:\/\/www.messinaoggi.it\/website\/2018\/02\/08\/salerno-non-sono-candidato-sindaco-dei-cinquestelle-a-taormina\/","title":{"rendered":"Salerno: &quot;Non sono candidato sindaco dei Cinquestelle a Taormina&quot;"},"content":{"rendered":"<p>Riceviamo e pubblichiamo una lettera di Nicola Salerno, che prende le distanze dal Movimento cinquestelle. &#8220;Leggo da pi\u00f9 parti la possibilit\u00e0 di una mia possibile candidatura a sindaco di Taormina quale esponente della lista Movimento 5 stelle. Ammetto che l\u2019avere pensato a me per ricoprire tale importante ruolo mi riempie di gioia e soddisfazione. Ma, al contempo, seguendo l\u2019indole del mio carattere, mi sento in dovere di precisare quanto segue.<br \/>\n\u00c8 con rinnovato spirito di servizio che mi preme ringraziare tutti coloro che con attestati di stima, peraltro politicamente trasversali, giuntimi in questi giorni, hanno pensato alla mia umile persona per tale carica, ma smentisco categoricamente questa possibilit\u00e0.<br \/>\nHo un lavoro, l\u2019agente di viaggio, che per gran parte dell\u2019anno mi impegna anche di domenica, e questo ha fatto s\u00ec che riducessi il mio impegno al volontariato, cosa che mi rammarica, in quanto credo che tutti noi dovremmo dedicare pi\u00f9 tempo agli altri.<br \/>\nAd ogni modo ove e se richiesto metto a servizio di questa citt\u00e0, che dopo quasi 30 anni sento anche mia, l\u2019esperienza da operatore in campo turistico.<br \/>\nDetto questo, approfitto di questa opportunit\u00e0 per esprimere un mio parere sulle caratteristiche che un sindaco di una citt\u00e0 a forte vocazione turistica, qual \u00e8 Taormina, dovrebbe avere. Taormina \u00e8 una location turistica di 10mila abitanti, che ha superato il milione di presenze in citt\u00e0, senza contare tutti gli arrivi giornalieri di crocieristi e turisti in escursione. Questo ci fa subito pensare ad una citt\u00e0 a cui fanno capo interessi di vari milioni di euro, e pertanto l\u2019ideale sarebbe gestirla in modo del tutto imprenditoriale con un manager ed aggiungo anche uno bravo, in quanto deve affrontare la burocrazia, deve conoscere le leggi che la gestiscono. Inoltre, deve essere una figura preparata a tutto campo, ci sono interessi che riguardano il comprensorio e che vanno ben oltre logiche turistiche e locali.<br \/>\nPenso ad esempio alla sanit\u00e0 con l\u2019ospedale &#8216;San Vincenzo&#8217;, la nostra struttura ospedaliera, che assiste pi\u00f9 di 100mila persone, oltre i turisti.<br \/>\nPenso alle scuole, alla viabilit\u00e0, alla gestione del teatro greco e del palazzo dei congressi. Per non parlare poi della raccolta differenziata con numeri da prefisso telefonico o a cause ancora irrisolte con la Impregilo, la gestione dei parcheggi, al porto turistico, al campo da golf etc. etc\u2026. ecco perch\u00e9 dico deve essere anche bravo.<br \/>\nUno dei compiti dei partiti politici della cosiddetta Prima Repubblica, era quello di formare le classi dirigenti del Paese o delle comunit\u00e0 locali, e questi, nel bene o nel male, erano i luoghi in cui dibattere le questioni politiche, programmatiche e sociali dei territori.<br \/>\nOggi questo non avviene pi\u00f9, lasciando in campo questa carenza che a lungo andare si far\u00e0 sempre pi\u00f9 forte sino ad arrivare a minacciare la gestione di interi comuni.<br \/>\nFatta questa premessa in questi anni di attivista del movimento 5 stelle, cosa in cui credo, oltre alle pacche sulla spalla, e forza andate avanti, non ho visto nessuna figura come sopra enunciato, avvicinarsi al movimento. Forse bisognerebbe capirne i motivi, ma questa \u00e8 una cosa che dovremmo discuterne con serenit\u00e0 all\u2019interno del nostro meet up.<br \/>\nAl momento, non credo che ci siano, ma questa \u00e8 una mia opinione, le condizioni affinch\u00e9 si possa puntare alla presentazione di una lista 5 stelle a Taormina.<br \/>\nRingrazio il direttore della testata giornalistica per lo spazio concessomi e faccio un in bocca al lupo ai candidati sindaci di questa magnifica citt\u00e0&#8221;.<div id=\"div-gpt-ad-Messinaoggi.it-DSK-300x250-corpoart\" style=\"text-align:center;margin:0 auto;\"><\/div><\/p>\n<div id=\"videoincontent\" style=\"clear:both\";><\/div>","protected":false},"excerpt":{"rendered":"<p>Riceviamo e pubblichiamo una lettera di Nicola Salerno, che prende le distanze dal Movimento cinquestelle. &#8220;Leggo da pi\u00f9 parti la possibilit\u00e0 di una mia possibile candidatura a sindaco di Taormina quale esponente della lista Movimento 5 stelle. Ammetto che l\u2019avere pensato a me per ricoprire tale importante ruolo mi riempie di gioia e soddisfazione. Ma, [&hellip;]<\/p>\n","protected":false},"author":2,"featured_media":8425,"comment_status":"closed","ping_status":"open","sticky":false,"template":"","format":"standard","meta":{"ub_ctt_via":"","_mi_skip_tracking":false},"categories":[3],"tags":[],"featured_image_src":"https:\/\/www.messinaoggi.it\/website\/wp-content\/uploads\/2017\/09\/salerno-di-maio-cancelleri-ms5-2.jpg","author_info":{"display_name":"Redazione","author_link":"https:\/\/www.messinaoggi.it\/website\/author\/redazione\/"},"digistream_id":0,"digistream":false,"_links":{"self":[{"href":"https:\/\/www.messinaoggi.it\/website\/wp-json\/wp\/v2\/posts\/15413"}],"collection":[{"href":"https:\/\/www.messinaoggi.it\/website\/wp-json\/wp\/v2\/posts"}],"about":[{"href":"https:\/\/www.messinaoggi.it\/website\/wp-json\/wp\/v2\/types\/post"}],"author":[{"embeddable":true,"href":"https:\/\/www.messinaoggi.it\/website\/wp-json\/wp\/v2\/users\/2"}],"replies":[{"embeddable":true,"href":"https:\/\/www.messinaoggi.it\/website\/wp-json\/wp\/v2\/comments?post=15413"}],"version-history":[{"count":0,"href":"https:\/\/www.messinaoggi.it\/website\/wp-json\/wp\/v2\/posts\/15413\/revisions"}],"wp:featuredmedia":[{"embeddable":true,"href":"https:\/\/www.messinaoggi.it\/website\/wp-json\/wp\/v2\/media\/8425"}],"wp:attachment":[{"href":"https:\/\/www.messinaoggi.it\/website\/wp-json\/wp\/v2\/media?parent=15413"}],"wp:term":[{"taxonomy":"category","embeddable":true,"href":"https:\/\/www.messinaoggi.it\/website\/wp-json\/wp\/v2\/categories?post=15413"},{"taxonomy":"post_tag","embeddable":true,"href":"https:\/\/www.messinaoggi.it\/website\/wp-json\/wp\/v2\/tags?post=15413"}],"curies":[{"name":"wp","href":"https:\/\/api.w.org\/{rel}","templated":true}]}}